{"id":3321,"date":"2019-08-23T08:30:45","date_gmt":"2019-08-23T13:30:45","guid":{"rendered":"http:\/\/www.zonaroja.com.mx\/?p=3321"},"modified":"2019-08-23T08:30:48","modified_gmt":"2019-08-23T13:30:48","slug":"batalla-campal-en-el-zocalo-de-oaxaca-tres-heridos-dos-detenidos","status":"publish","type":"post","link":"https:\/\/zonaroja.com.mx\/?p=3321","title":{"rendered":"Batalla campal en el z\u00f3calo de Oaxaca: tres heridos, dos detenidos"},"content":{"rendered":"\n<p>Redacci\u00f3n\/Zona\nRoja.<\/p>\n\n\n\n<p>Oaxaca de\nJu\u00e1rez, Oax., 23 de agosto de 2019.- \u201c\u00a1\u00c9ntrale cabr\u00f3n! \u00a1\u00c9ntrale si eres tan\nmachito! \u00a1Pinche zonzo, no sirves para nada!\u201d.<\/p>\n\n\n\n<p>Los gritos de reto y agresiones verbales terminaron en una batalla campal, en pleno z\u00f3calo de la ciudad de Oaxaca y en el portal Flores Mag\u00f3n, donde se asientan diversos restaurantes, entre ellos el \u201cBar Jard\u00edn\u201d.<\/p>\n\n\n\n<figure class=\"wp-block-embed-twitter wp-block-embed is-type-rich is-provider-twitter\"><div class=\"wp-block-embed__wrapper\">\n<div class=\"twitter-tweet\"><blockquote class=\"twitter-tweet\" data-lang=\"es\"><p lang=\"es\" dir=\"ltr\"><a href=\"https:\/\/twitter.com\/hashtag\/OaxacaRojo?src=hash&amp;ref_src=twsrc%5Etfw\">#OaxacaRojo<\/a><br>As\u00ed fue la batalla campal anoche en pleno z\u00f3calo de la ciudad de Oaxaca; la polic\u00eda del <a href=\"https:\/\/twitter.com\/MunicipioSeguro?ref_src=twsrc%5Etfw\">@MunicipioSeguro<\/a> lleg\u00f3 tarde y no pudo impedir la ri\u00f1a; dos personas heridas y tres detenidas, el saldo final. <br>Video: Cortes\u00eda <a href=\"https:\/\/t.co\/JvpBGrpr0L\">pic.twitter.com\/JvpBGrpr0L<\/a><\/p>&mdash; Zona Roja Oaxaca (@MexRoja) <a href=\"https:\/\/twitter.com\/MexRoja\/status\/1164890237568520192?ref_src=twsrc%5Etfw\">23 de agosto de 2019<\/a><\/blockquote><\/div>\n<\/div><\/figure>\n\n\n\n<p>Fue\nalrededor de las nueve de la noche en que por causas hasta ahora desconocidas,\nse desat\u00f3 la ri\u00f1a, presuntamente entre j\u00f3venes provenientes de la Ciudad de\nM\u00e9xico y visitantes que tomaban un caf\u00e9.<\/p>\n\n\n\n<p>Varios\nminutos despu\u00e9s del intercambio de golpes, arribaron elementos policiacos \u2013que presuntamente\nde manera permanente vigilan el z\u00f3calo y \u00e1reas principales del Centro Hist\u00f3rico&#8211;\npara tratar de poner orden.<\/p>\n\n\n\n<p>Incluso fue necesaria la presencia de una ambulancia a fin de atender a los dos lesionados, que no ameritaron hospitalizaci\u00f3n.<\/p>\n\n\n\n<figure class=\"wp-block-embed-twitter wp-block-embed is-type-rich is-provider-twitter\"><div class=\"wp-block-embed__wrapper\">\n<div class=\"twitter-tweet\"><blockquote class=\"twitter-tweet\" data-lang=\"es\"><p lang=\"es\" dir=\"ltr\"><a href=\"https:\/\/twitter.com\/hashtag\/OaxacaRojo?src=hash&amp;ref_src=twsrc%5Etfw\">#OaxacaRojo<\/a><br>Y lo que faltaba para cerrar el jueves violento: golpes, heridos, detenciones, en pleno Centro Hist\u00f3rico de la ciudad de Oaxaca; los hechos, en el portal Flores Mag\u00f3n, frente al z\u00f3calo. <br>Video: Cortes\u00eda <a href=\"https:\/\/t.co\/Z0u7C5ifYQ\">pic.twitter.com\/Z0u7C5ifYQ<\/a><\/p>&mdash; Zona Roja Oaxaca (@MexRoja) <a href=\"https:\/\/twitter.com\/MexRoja\/status\/1164731723235463170?ref_src=twsrc%5Etfw\">23 de agosto de 2019<\/a><\/blockquote><\/div>\n<\/div><\/figure>\n\n\n\n<p>Al final,\nelementos de la Polic\u00eda Municipal detuvieron a tres detenidos, que fueron\npuestos a disposici\u00f3n del Ministerio P\u00fablico.<\/p>\n\n\n\n<p>Comensales como\nresponsables criticaron la lentitud de la reacci\u00f3n de las corporaciones\npoliciacas municipal y estatal, pues llegaron al menos 20 minutos despu\u00e9s que\ninici\u00f3 la batalla campal.<\/p>\n","protected":false},"excerpt":{"rendered":"<p>Redacci\u00f3n\/Zona Roja. Oaxaca de Ju\u00e1rez, Oax., 23 de agosto de 2019.- \u201c\u00a1\u00c9ntrale cabr\u00f3n! \u00a1\u00c9ntrale si&hellip;<\/p>\n","protected":false},"author":2,"featured_media":3322,"comment_status":"closed","ping_status":"open","sticky":false,"template":"","format":"standard","meta":{"_lmt_disableupdate":"","_lmt_disable":"","_jetpack_memberships_contains_paid_content":false,"footnotes":""},"categories":[109,51],"tags":[603],"class_list":["post-3321","post","type-post","status-publish","format-standard","has-post-thumbnail","hentry","category-minuto-a-minuto","category-zona-roja","tag-rina-zocalo-oaxaca"],"jetpack_featured_media_url":"https:\/\/zonaroja.com.mx\/wp-content\/uploads\/2019\/08\/d0d4e84e-72dc-4a08-894a-42e409d7dc4d.jpg","jetpack_sharing_enabled":true,"_links":{"self":[{"href":"https:\/\/zonaroja.com.mx\/index.php?rest_route=\/wp\/v2\/posts\/3321","targetHints":{"allow":["GET"]}}],"collection":[{"href":"https:\/\/zonaroja.com.mx\/index.php?rest_route=\/wp\/v2\/posts"}],"about":[{"href":"https:\/\/zonaroja.com.mx\/index.php?rest_route=\/wp\/v2\/types\/post"}],"author":[{"embeddable":true,"href":"https:\/\/zonaroja.com.mx\/index.php?rest_route=\/wp\/v2\/users\/2"}],"replies":[{"embeddable":true,"href":"https:\/\/zonaroja.com.mx\/index.php?rest_route=%2Fwp%2Fv2%2Fcomments&post=3321"}],"version-history":[{"count":1,"href":"https:\/\/zonaroja.com.mx\/index.php?rest_route=\/wp\/v2\/posts\/3321\/revisions"}],"predecessor-version":[{"id":3323,"href":"https:\/\/zonaroja.com.mx\/index.php?rest_route=\/wp\/v2\/posts\/3321\/revisions\/3323"}],"wp:featuredmedia":[{"embeddable":true,"href":"https:\/\/zonaroja.com.mx\/index.php?rest_route=\/wp\/v2\/media\/3322"}],"wp:attachment":[{"href":"https:\/\/zonaroja.com.mx\/index.php?rest_route=%2Fwp%2Fv2%2Fmedia&parent=3321"}],"wp:term":[{"taxonomy":"category","embeddable":true,"href":"https:\/\/zonaroja.com.mx\/index.php?rest_route=%2Fwp%2Fv2%2Fcategories&post=3321"},{"taxonomy":"post_tag","embeddable":true,"href":"https:\/\/zonaroja.com.mx\/index.php?rest_route=%2Fwp%2Fv2%2Ftags&post=3321"}],"curies":[{"name":"wp","href":"https:\/\/api.w.org\/{rel}","templated":true}]}}