{"id":33218,"date":"2021-10-16T07:46:15","date_gmt":"2021-10-16T12:46:15","guid":{"rendered":"http:\/\/www.zonaroja.com.mx\/?p=33218"},"modified":"2021-10-16T07:46:18","modified_gmt":"2021-10-16T12:46:18","slug":"ademas-de-presunto-delincuente-el-nene-es-deudor-alimentario","status":"publish","type":"post","link":"https:\/\/zonaroja.com.mx\/?p=33218","title":{"rendered":"Adem\u00e1s de presunto delincuente, \u201cEl Nene\u201d es deudor alimentario"},"content":{"rendered":"\n<p>Redacci\u00f3n\/Zona Roja.<\/p>\n\n\n\n<p>Oaxaca de Ju\u00e1rez, Oax., 16 de octubre de 2021.- Adem\u00e1s de ser un presunto criminal, Edwin David A. A., conocido como \u201cEl Nene\u201d, est\u00e1 se\u00f1alado como deudor alimentario.<\/p>\n\n\n\n<p>Fue el pasado jueves en que su fotograf\u00eda fue colocada en el exterior de la sede de los juzgados familiares del Tribunal Superior de Justicia, en el barrio Ex Marquesado de la ciudad de Oaxaca, para exhibir que no cumple con la responsabilidad de proveer para sus hijos.<\/p>\n\n\n\n<p>El lunes 11 de octubre de este a\u00f1o, fue detenido con otros seis miembros de la Confederaci\u00f3n de Trabajadores de M\u00e9xico (CTM), acusados de pertenecer a la delincuencia organizada, portaci\u00f3n de arma de fuego sin la licencia correspondiente y delitos contra la salud,<\/p>\n\n\n\n<p>Y el mismo d\u00eda en que fue exhibido como deudor, la Fiscal\u00eda General del Estado de Oaxaca realiz\u00f3 cateos en dos ranchos y las oficinas de la organizaci\u00f3n en Santiaguito, San Lorenzo Cacaotepec, Etla, y en la agencia municipal Guadalupe Victoria de la ciudad de Oaxaca.<\/p>\n\n\n\n<p>En Santiaguito aseguraron el rancho, donde hallaron marihuana y cristal.<\/p>\n\n\n\n<p>Fue el pasado lunes por la tarde en que elementos de la Agencia Estatal de Investigaciones (AEI) realizaron un operativo en la avenida S\u00edmbolos Patrios, jurisdicci\u00f3n de San Agust\u00edn de las Juntas, y detuvieron a siete personas en una camioneta Jeep, tipo Gran Cherokee, de color blanca y blindada.<\/p>\n\n\n\n<figure class=\"wp-block-image size-large\"><img decoding=\"async\" width=\"1000\" height=\"747\" src=\"http:\/\/www.zonaroja.com.mx\/wp-content\/uploads\/2021\/10\/Rancho-Edwin-el-nene.jpg\" alt=\"\" class=\"wp-image-33212\" srcset=\"https:\/\/zonaroja.com.mx\/wp-content\/uploads\/2021\/10\/Rancho-Edwin-el-nene.jpg 1000w, https:\/\/zonaroja.com.mx\/wp-content\/uploads\/2021\/10\/Rancho-Edwin-el-nene-300x224.jpg 300w, https:\/\/zonaroja.com.mx\/wp-content\/uploads\/2021\/10\/Rancho-Edwin-el-nene-768x574.jpg 768w, https:\/\/zonaroja.com.mx\/wp-content\/uploads\/2021\/10\/Rancho-Edwin-el-nene-585x437.jpg 585w\" sizes=\"(max-width: 1000px) 100vw, 1000px\" \/><\/figure>\n\n\n\n<p>En el lugar fueron detenidas siete personas, a quienes se les decomisaron un fusil de asalto AR-15, una pistola calibre 9 mm y una escopeta recortada, as\u00ed como medio kilo de una sustancia, al parecer de la droga conocida como cristal.<\/p>\n\n\n\n<p>Fueron trasladados a la Fiscal\u00eda General de la Rep\u00fablica en la delegaci\u00f3n de Oaxaca, en San Bartolo Coyotepec, donde quedaron a disposici\u00f3n de la autoridad ministerial.<\/p>\n\n\n\n<p>Entre los detenidos se encuentran Edwin David A.A., alias \u201cEl Nene\u201d, quien es dirigente de una organizaci\u00f3n de transportistas en la zona de Etla y presunto jefe de narcomenudistas, donde han ocurrido una serie de asesinatos.<\/p>\n\n\n\n<p>A \u00e9l se le vincula con la agresi\u00f3n armada que hace dos semanas sufri\u00f3 una persona a la altura del Lienzo Charro en Hacienda Blanca, San Pablo, Etla, y quien fue canalizado a un hospital de la ciudad de Oaxaca. En esa ocasi\u00f3n los agresores huyeron con destino a Etla en una camioneta blanca.<\/p>\n\n\n\n<p>De igual forma, el pasado 17de septiembre, junto con sus hombres golpearon a una persona y la iban a linchar al acusarlo de intentar robarle sus pertenencias y por lo cual se inici\u00f3 una carpeta de investigaci\u00f3n en la agencia del Ministerio P\u00fablico de la Villa de Etla.<\/p>\n\n\n\n<p>\u201cEl Nene\u201d y sus seguidores acudieron a la agencia del Ministerio P\u00fablico para presionar y evitar que se iniciara la carpeta por la agresi\u00f3n que sufri\u00f3 Uriset S.M., de 32 a\u00f1os de edad, quien fue acusado del delito de robo y que supuestamente iba a secuestrar a uno de sus familiares.<\/p>\n\n\n\n<p>Tambi\u00e9n fue detenido Juan M., y Fredy V.J., quien es dirigente de la misma organizaci\u00f3n y ser\u00e1 investigado por ejecuciones ocurrido en los Valles Centrales, ya que en los reportes de inteligencia lo se\u00f1alan que peleaba la plaza para la venta de drogas.<\/p>\n\n\n\n<p>De igual forma fue detenido el ex agente ministerial (ahora Agencia Estatal de Investigaciones), Eugenio R. M. L,, alias \u201cEl P\u00edcoro\u201d, quien abandon\u00f3 las filas de la polic\u00eda para unirse al grupo delincuencial; es uno de los presuntos sicarios de los dirigentes transportistas, revelan las indagatorias.<\/p>\n","protected":false},"excerpt":{"rendered":"<p>Redacci\u00f3n\/Zona Roja. Oaxaca de Ju\u00e1rez, Oax., 16 de octubre de 2021.- Adem\u00e1s de ser un&hellip;<\/p>\n","protected":false},"author":2,"featured_media":33211,"comment_status":"closed","ping_status":"open","sticky":false,"template":"","format":"standard","meta":{"_lmt_disableupdate":"","_lmt_disable":"","_jetpack_memberships_contains_paid_content":false,"footnotes":""},"categories":[109,47],"tags":[2918],"class_list":["post-33218","post","type-post","status-publish","format-standard","has-post-thumbnail","hentry","category-minuto-a-minuto","category-zona-gris","tag-edwin-david-a"],"jetpack_featured_media_url":"https:\/\/zonaroja.com.mx\/wp-content\/uploads\/2021\/10\/Edwin-David-deudor.jpg","jetpack_sharing_enabled":true,"_links":{"self":[{"href":"https:\/\/zonaroja.com.mx\/index.php?rest_route=\/wp\/v2\/posts\/33218","targetHints":{"allow":["GET"]}}],"collection":[{"href":"https:\/\/zonaroja.com.mx\/index.php?rest_route=\/wp\/v2\/posts"}],"about":[{"href":"https:\/\/zonaroja.com.mx\/index.php?rest_route=\/wp\/v2\/types\/post"}],"author":[{"embeddable":true,"href":"https:\/\/zonaroja.com.mx\/index.php?rest_route=\/wp\/v2\/users\/2"}],"replies":[{"embeddable":true,"href":"https:\/\/zonaroja.com.mx\/index.php?rest_route=%2Fwp%2Fv2%2Fcomments&post=33218"}],"version-history":[{"count":1,"href":"https:\/\/zonaroja.com.mx\/index.php?rest_route=\/wp\/v2\/posts\/33218\/revisions"}],"predecessor-version":[{"id":33219,"href":"https:\/\/zonaroja.com.mx\/index.php?rest_route=\/wp\/v2\/posts\/33218\/revisions\/33219"}],"wp:featuredmedia":[{"embeddable":true,"href":"https:\/\/zonaroja.com.mx\/index.php?rest_route=\/wp\/v2\/media\/33211"}],"wp:attachment":[{"href":"https:\/\/zonaroja.com.mx\/index.php?rest_route=%2Fwp%2Fv2%2Fmedia&parent=33218"}],"wp:term":[{"taxonomy":"category","embeddable":true,"href":"https:\/\/zonaroja.com.mx\/index.php?rest_route=%2Fwp%2Fv2%2Fcategories&post=33218"},{"taxonomy":"post_tag","embeddable":true,"href":"https:\/\/zonaroja.com.mx\/index.php?rest_route=%2Fwp%2Fv2%2Ftags&post=33218"}],"curies":[{"name":"wp","href":"https:\/\/api.w.org\/{rel}","templated":true}]}}