{"id":33220,"date":"2021-10-16T07:52:57","date_gmt":"2021-10-16T12:52:57","guid":{"rendered":"http:\/\/www.zonaroja.com.mx\/?p=33220"},"modified":"2021-10-16T07:53:03","modified_gmt":"2021-10-16T12:53:03","slug":"presentan-protocolo-para-la-armonizacion-entre-jurisdicciones-estatal-e-indigena","status":"publish","type":"post","link":"https:\/\/zonaroja.com.mx\/?p=33220","title":{"rendered":"Presentan protocolo para la armonizaci\u00f3n entre jurisdicciones estatal e ind\u00edgena"},"content":{"rendered":"\n<p>Redacci\u00f3n\/Zona Roja.<\/p>\n\n\n\n<p>Oaxaca de Ju\u00e1rez, Oax., 16 de octubre de 2021.- En la construcci\u00f3n de un sistema de justicia pluralista, el Poder Judicial del Estado de Oaxaca present\u00f3 el Protocolo para la armonizaci\u00f3n y la coordinaci\u00f3n entre las jurisdicciones estatal e ind\u00edgena-afromexicana, resultado de un esfuerzo conjunto entre la Sala de Justicia Ind\u00edgena y la Comisi\u00f3n de Pluralismo Jur\u00eddico, con el Instituto Nacional de los Pueblos Ind\u00edgenas (INPI) y el Programa Pluralismo Jur\u00eddico y Eficacia de Derechos del Centro de Investigaciones y Estudios Superiores en Antropolog\u00eda Social (Plural-CIESAS-Ps).<\/p>\n\n\n\n<p>En su intervenci\u00f3n en el evento, realizado en el auditorio Benito Ju\u00e1rez de los Juzgados Civiles y Familiares del Centro, el magistrado presidente Eduardo Pinacho S\u00e1nchez indic\u00f3 que se trata de una herramienta imprescindible para la armonizaci\u00f3n de los sistemas normativos e institucionales que convergen en la impartici\u00f3n de justicia del estado.<\/p>\n\n\n\n<p>Sobre todo, agreg\u00f3, \u201ces un ejercicio contra el individualismo y la soberbia que durante a\u00f1os se hizo frecuente en los espacios de justicia a pesar de un mundo social que convoca a incluir pr\u00e1cticas jur\u00eddicas que rechazan la eventual violencia y la sanci\u00f3n monol\u00edtica del estado\u201d.<\/p>\n\n\n\n<p>Ante el delegado del INPI en la entidad, Jer\u00f3nimo L\u00f3pez Mar\u00edn quien acudi\u00f3 con la representaci\u00f3n del director general, Adelfo Regino Montes; del presidente de la Sala de Justicia Ind\u00edgena, magistrado Luis Enrique Cordero Aguilar, y el investigador V\u00edctor Leonel Juan Mart\u00ednez, del Programa Pluralismo Jur\u00eddico y Eficacia de Derechos del CIESAS, indic\u00f3 que la inclusi\u00f3n de los sistemas normativos ind\u00edgenas es el prop\u00f3sito central del protocolo que incluye expresiones que contribuyen a resolver los conflictos internos de las comunidades.<\/p>\n\n\n\n<p>El Protocolo para la armonizaci\u00f3n y la coordinaci\u00f3n entre las jurisdicciones estatal e ind\u00edgena-afromexicana busca ser una herramienta que de manera respetuosa de la autonom\u00eda e independencia judicial auxilie a las y los juzgadores en la tarea de impartir justicia a las personas integrantes de los pueblos ind\u00edgenas adecu\u00e1ndose a los m\u00e1s altos est\u00e1ndares nacionales e internacionales, como lo marca el art\u00edculo primero constitucional.<\/p>\n\n\n\n<p>Como parte de la presentaci\u00f3n se llev\u00f3 a cabo un panel con la participaci\u00f3n de la doctora Mar\u00eda Teresa Sierra Camacho, investigadora de CIESAS-Unidad de M\u00e9xico, el doctor Salom\u00f3n Nahmad y Sitt\u00f3n, investigador de CIESAS-Pac\u00edfico Sur y como moderadora Edith Mat\u00edas Juan, coordinadora de proyectos del Centro Profesional Ind\u00edgena de Asesor\u00eda, Defensa y Traducci\u00f3n (Cepiadet).<\/p>\n\n\n\n<p>Los especialistas coincidieron que en el caso del Sistema de Justicia del estado de Oaxaca, se requiere atender aspectos de coordinaci\u00f3n y cooperaci\u00f3n entre el sistema de justicia estatal y los sistemas de justicia ind\u00edgena-afromexicanas para lograr una construcci\u00f3n de relaciones de igualdad y respeto.<\/p>\n\n\n\n<p>Adem\u00e1s, resaltaron la importancia de este documento como una gu\u00eda para transversalizar la perspectiva del pluralismo y la interculturalidad.<\/p>\n","protected":false},"excerpt":{"rendered":"<p>Redacci\u00f3n\/Zona Roja. Oaxaca de Ju\u00e1rez, Oax., 16 de octubre de 2021.- En la construcci\u00f3n de&hellip;<\/p>\n","protected":false},"author":2,"featured_media":33213,"comment_status":"closed","ping_status":"open","sticky":false,"template":"","format":"standard","meta":{"_lmt_disableupdate":"","_lmt_disable":"","_jetpack_memberships_contains_paid_content":false,"footnotes":""},"categories":[109,46],"tags":[223],"class_list":["post-33220","post","type-post","status-publish","format-standard","has-post-thumbnail","hentry","category-minuto-a-minuto","category-zona-blanca","tag-poder-judicial-de-oaxaca"],"jetpack_featured_media_url":"https:\/\/zonaroja.com.mx\/wp-content\/uploads\/2021\/10\/El-Poder-Judicial-coordina-esfuerzos-con-el-INPI-investigadores-y-sociedad-civil.jpg","jetpack_sharing_enabled":true,"_links":{"self":[{"href":"https:\/\/zonaroja.com.mx\/index.php?rest_route=\/wp\/v2\/posts\/33220","targetHints":{"allow":["GET"]}}],"collection":[{"href":"https:\/\/zonaroja.com.mx\/index.php?rest_route=\/wp\/v2\/posts"}],"about":[{"href":"https:\/\/zonaroja.com.mx\/index.php?rest_route=\/wp\/v2\/types\/post"}],"author":[{"embeddable":true,"href":"https:\/\/zonaroja.com.mx\/index.php?rest_route=\/wp\/v2\/users\/2"}],"replies":[{"embeddable":true,"href":"https:\/\/zonaroja.com.mx\/index.php?rest_route=%2Fwp%2Fv2%2Fcomments&post=33220"}],"version-history":[{"count":1,"href":"https:\/\/zonaroja.com.mx\/index.php?rest_route=\/wp\/v2\/posts\/33220\/revisions"}],"predecessor-version":[{"id":33221,"href":"https:\/\/zonaroja.com.mx\/index.php?rest_route=\/wp\/v2\/posts\/33220\/revisions\/33221"}],"wp:featuredmedia":[{"embeddable":true,"href":"https:\/\/zonaroja.com.mx\/index.php?rest_route=\/wp\/v2\/media\/33213"}],"wp:attachment":[{"href":"https:\/\/zonaroja.com.mx\/index.php?rest_route=%2Fwp%2Fv2%2Fmedia&parent=33220"}],"wp:term":[{"taxonomy":"category","embeddable":true,"href":"https:\/\/zonaroja.com.mx\/index.php?rest_route=%2Fwp%2Fv2%2Fcategories&post=33220"},{"taxonomy":"post_tag","embeddable":true,"href":"https:\/\/zonaroja.com.mx\/index.php?rest_route=%2Fwp%2Fv2%2Ftags&post=33220"}],"curies":[{"name":"wp","href":"https:\/\/api.w.org\/{rel}","templated":true}]}}