{"id":33231,"date":"2021-10-16T19:25:58","date_gmt":"2021-10-17T00:25:58","guid":{"rendered":"https:\/\/www.zonaroja.com.mx\/?p=33231"},"modified":"2021-10-16T19:26:01","modified_gmt":"2021-10-17T00:26:01","slug":"niegan-repartidores-de-comida-estar-involucrados-en-actos-delictivos","status":"publish","type":"post","link":"https:\/\/zonaroja.com.mx\/?p=33231","title":{"rendered":"Niegan repartidores de comida estar involucrados en actos delictivos"},"content":{"rendered":"\n<p><\/p>\n\n\n\n<p>Evlin Arag\u00f3n\/Zona Roja.&nbsp;<\/p>\n\n\n\n<p>Oaxaca de Ju\u00e1rez, Oax., 16 de octubre de 2021.-&nbsp;Integrantes de la Asociaci\u00f3n de Repartidores Unidos de Oaxaca negaron que dos de sus compa\u00f1eros est\u00e9n involucrados en accidentes viales y actos delictivos, tal y como se difundi\u00f3 mediante un video en las redes sociales.&nbsp;&nbsp;<\/p>\n\n\n\n<p>Explicaron que, de manera reciente, Trist\u00e1n y Francisco, quienes se dedican a repartir alimentos y bebidas, fueron se\u00f1alados equivocadamente como protagonista de un acto delictivo, situaci\u00f3n que negaron y, por el contrario, pidieron el derecho de r\u00e9plica ante la publicaci\u00f3n realizada.&nbsp;&nbsp;<\/p>\n\n\n\n<p>Lo anterior debido a que los dos j\u00f3venes ya han sido detenidos por elementos de la polic\u00eda en por lo menos dos ocasiones, adem\u00e1s que han recibido amenazas, raz\u00f3n por la que temen por su seguridad.&nbsp;&nbsp;<\/p>\n\n\n\n<p>En conferencia de prensa, explicaron que se han dado a la tarea de generar estrategias que les permita brindar un mejor servicio y mantener una buena imagen ante la sociedad, que debido a los altos niveles de inseguridad que registra la entidad oaxaque\u00f1a, confunde a los repartidores con delincuentes.&nbsp;<\/p>\n\n\n\n<p>\u201cMuchas veces y porque vamos en moto ya existe una desconfianza autom\u00e1tica por parte de la ciudadan\u00eda, queremos cambiar esa imagen y estamos trabajando en ello\u201d, dijo uno de los representantes.&nbsp;&nbsp;<\/p>\n\n\n\n<p>Por lo anterior, dieron a conocer que quienes integran la asociaci\u00f3n se est\u00e1n capacitando en primeros auxilios para que, en caso de ser necesario, puedan brindar ayuda a la ciudadan\u00eda, ello sin intentar suplir a las corporaciones de emergencia especializadas en dicha labor.&nbsp;&nbsp;<\/p>\n\n\n\n<p>As\u00ed mismo, anunciaron el inicio de la campa\u00f1a de uso casco y manejo responsable por parte de las y los motociclistas, misma que incluye la portaci\u00f3n de un logotipo para que la poblaci\u00f3n sepa que se trata de un repartidor seguro, responsable y que pertenece a la asociaci\u00f3n.&nbsp;&nbsp;<\/p>\n\n\n\n<p>Y aunque reconocieron que la delincuencia les afecta de muchas formas, ya que existen casos en lo que les roban la motocicleta e incluso la bolsa repartidora de comida, est\u00e1n buscando las estrategias que permitan ubicar que los repartidores no est\u00e1n involucrados y s\u00f3lo buscan hacer su trabajo.&nbsp;&nbsp;<\/p>\n\n\n\n<p>\u201cNos deslindamos de repartidores que no portan nuestro sticker, que no manejan con casco y no tienen su unidad en regla. Estamos buscando mejorar y cambiar la imagen que la sociedad tiene de nosotros\u201d, sentenciaron.<\/p>\n","protected":false},"excerpt":{"rendered":"<p>Evlin Arag\u00f3n\/Zona Roja.&nbsp; Oaxaca de Ju\u00e1rez, Oax., 16 de octubre de 2021.-&nbsp;Integrantes de la Asociaci\u00f3n&hellip;<\/p>\n","protected":false},"author":2,"featured_media":33230,"comment_status":"closed","ping_status":"open","sticky":false,"template":"","format":"standard","meta":{"_lmt_disableupdate":"","_lmt_disable":"","_jetpack_memberships_contains_paid_content":false,"footnotes":""},"categories":[1,47],"tags":[],"class_list":["post-33231","post","type-post","status-publish","format-standard","has-post-thumbnail","hentry","category-sin-categoria","category-zona-gris"],"jetpack_featured_media_url":"https:\/\/zonaroja.com.mx\/wp-content\/uploads\/2021\/10\/c55ab4ab-8747-4b53-a4e3-5f36e4a417a4.jpg","jetpack_sharing_enabled":true,"_links":{"self":[{"href":"https:\/\/zonaroja.com.mx\/index.php?rest_route=\/wp\/v2\/posts\/33231","targetHints":{"allow":["GET"]}}],"collection":[{"href":"https:\/\/zonaroja.com.mx\/index.php?rest_route=\/wp\/v2\/posts"}],"about":[{"href":"https:\/\/zonaroja.com.mx\/index.php?rest_route=\/wp\/v2\/types\/post"}],"author":[{"embeddable":true,"href":"https:\/\/zonaroja.com.mx\/index.php?rest_route=\/wp\/v2\/users\/2"}],"replies":[{"embeddable":true,"href":"https:\/\/zonaroja.com.mx\/index.php?rest_route=%2Fwp%2Fv2%2Fcomments&post=33231"}],"version-history":[{"count":1,"href":"https:\/\/zonaroja.com.mx\/index.php?rest_route=\/wp\/v2\/posts\/33231\/revisions"}],"predecessor-version":[{"id":33232,"href":"https:\/\/zonaroja.com.mx\/index.php?rest_route=\/wp\/v2\/posts\/33231\/revisions\/33232"}],"wp:featuredmedia":[{"embeddable":true,"href":"https:\/\/zonaroja.com.mx\/index.php?rest_route=\/wp\/v2\/media\/33230"}],"wp:attachment":[{"href":"https:\/\/zonaroja.com.mx\/index.php?rest_route=%2Fwp%2Fv2%2Fmedia&parent=33231"}],"wp:term":[{"taxonomy":"category","embeddable":true,"href":"https:\/\/zonaroja.com.mx\/index.php?rest_route=%2Fwp%2Fv2%2Fcategories&post=33231"},{"taxonomy":"post_tag","embeddable":true,"href":"https:\/\/zonaroja.com.mx\/index.php?rest_route=%2Fwp%2Fv2%2Ftags&post=33231"}],"curies":[{"name":"wp","href":"https:\/\/api.w.org\/{rel}","templated":true}]}}