{"id":33235,"date":"2021-10-17T07:24:47","date_gmt":"2021-10-17T12:24:47","guid":{"rendered":"http:\/\/www.zonaroja.com.mx\/?p=33235"},"modified":"2021-10-17T12:03:00","modified_gmt":"2021-10-17T17:03:00","slug":"registra-oaxaca-record-en-captura-de-migrantes-532-en-un-dia","status":"publish","type":"post","link":"https:\/\/zonaroja.com.mx\/?p=33235","title":{"rendered":"Registra Oaxaca r\u00e9cord en captura de migrantes: 532 en un d\u00eda"},"content":{"rendered":"\n<p>Redacci\u00f3n\/Zona Roja.<\/p>\n\n\n\n<p>Oaxaca de Ju\u00e1rez, Oax., 17 de octubre de 2021.- El estado de Oaxaca rompi\u00f3 r\u00e9cord nacional, al asegurar en un solo d\u00eda a 532 migrantes centroamericanos, en operativos conjuntos entre la Secretar\u00eda de Seguridad P\u00fablica y la Guardia Nacional.<\/p>\n\n\n\n<p>Ello sucedi\u00f3 el pasado viernes 15 de octubre en que, de acuerdo con el Instituto Nacional de Migraci\u00f3n (INM), en esa fecha en diversas acciones en el pa\u00eds, rescataron a casi dos mil indocumentados.<\/p>\n\n\n\n<p>Seg\u00fan detall\u00f3 en un comunicado, fueron en total mil 957 personas migrantes de distintas nacionalidades, de las cuales 532 estaban en Oaxaca, 134 en Puebla, 86 en Veracruz y 58 en Chihuahua.<\/p>\n\n\n\n<p>Seg\u00fan datos del INM, tan s\u00f3lo de enero a agosto de este a\u00f1o 2021, se ha registrado un flujo migratorio r\u00e9cord, de 147 mil migrantes, cifra que triplica la del a\u00f1o anterior, en el mismo lapso.<\/p>\n\n\n\n<p>Apenas el pasado 8 de octubre, en una carretera a Tamaulipas, rescataron a 652 migrantes, 355 de ellos menores de edad, que viajaban hacinados en tres camiones.<\/p>\n\n\n\n<p>\u00abEl INM refrenda su compromiso por una migraci\u00f3n segura, ordenada y regular, con total apego al respeto de los derechos humanos de las personas en condici\u00f3n de movilidad por territorio nacional\u00bb, asegur\u00f3 este s\u00e1bado en su comunicado.<\/p>\n\n\n\n<p>En el caso de Oaxaca, solamente v\u00eda redes sociales, la Secretar\u00eda de Seguridad P\u00fablica inform\u00f3 de la captura de m\u00e1s de 260 migrantes.<\/p>\n\n\n\n<p>La mayor\u00eda de ellos en operativos en la regi\u00f3n Valles Centrales; el pasado viernes, los traslad\u00f3 a un encierro de la Polic\u00eda Vial Estatal en San Sebasti\u00e1n Tutla y despu\u00e9s fueron puestos a disposici\u00f3n del INM.<\/p>\n","protected":false},"excerpt":{"rendered":"<p>Redacci\u00f3n\/Zona Roja. Oaxaca de Ju\u00e1rez, Oax., 17 de octubre de 2021.- El estado de Oaxaca&hellip;<\/p>\n","protected":false},"author":2,"featured_media":33236,"comment_status":"closed","ping_status":"open","sticky":false,"template":"","format":"standard","meta":{"_lmt_disableupdate":"","_lmt_disable":"","_jetpack_memberships_contains_paid_content":false,"footnotes":""},"categories":[109,46],"tags":[1421],"class_list":["post-33235","post","type-post","status-publish","format-standard","has-post-thumbnail","hentry","category-minuto-a-minuto","category-zona-blanca","tag-secretaria-de-seguridad-publica-de-oaxaca-sspo"],"jetpack_featured_media_url":"https:\/\/zonaroja.com.mx\/wp-content\/uploads\/2021\/10\/Migrantes-centroamericanos-Oaxaca.jpg","jetpack_sharing_enabled":true,"_links":{"self":[{"href":"https:\/\/zonaroja.com.mx\/index.php?rest_route=\/wp\/v2\/posts\/33235","targetHints":{"allow":["GET"]}}],"collection":[{"href":"https:\/\/zonaroja.com.mx\/index.php?rest_route=\/wp\/v2\/posts"}],"about":[{"href":"https:\/\/zonaroja.com.mx\/index.php?rest_route=\/wp\/v2\/types\/post"}],"author":[{"embeddable":true,"href":"https:\/\/zonaroja.com.mx\/index.php?rest_route=\/wp\/v2\/users\/2"}],"replies":[{"embeddable":true,"href":"https:\/\/zonaroja.com.mx\/index.php?rest_route=%2Fwp%2Fv2%2Fcomments&post=33235"}],"version-history":[{"count":2,"href":"https:\/\/zonaroja.com.mx\/index.php?rest_route=\/wp\/v2\/posts\/33235\/revisions"}],"predecessor-version":[{"id":33249,"href":"https:\/\/zonaroja.com.mx\/index.php?rest_route=\/wp\/v2\/posts\/33235\/revisions\/33249"}],"wp:featuredmedia":[{"embeddable":true,"href":"https:\/\/zonaroja.com.mx\/index.php?rest_route=\/wp\/v2\/media\/33236"}],"wp:attachment":[{"href":"https:\/\/zonaroja.com.mx\/index.php?rest_route=%2Fwp%2Fv2%2Fmedia&parent=33235"}],"wp:term":[{"taxonomy":"category","embeddable":true,"href":"https:\/\/zonaroja.com.mx\/index.php?rest_route=%2Fwp%2Fv2%2Fcategories&post=33235"},{"taxonomy":"post_tag","embeddable":true,"href":"https:\/\/zonaroja.com.mx\/index.php?rest_route=%2Fwp%2Fv2%2Ftags&post=33235"}],"curies":[{"name":"wp","href":"https:\/\/api.w.org\/{rel}","templated":true}]}}