{"id":33252,"date":"2021-10-17T14:20:07","date_gmt":"2021-10-17T19:20:07","guid":{"rendered":"http:\/\/www.zonaroja.com.mx\/?p=33252"},"modified":"2021-10-17T14:20:10","modified_gmt":"2021-10-17T19:20:10","slug":"vinculan-a-proceso-a-mujer-que-resguardaba-a-adolescentes-plagiados","status":"publish","type":"post","link":"https:\/\/zonaroja.com.mx\/?p=33252","title":{"rendered":"Vinculan a proceso a mujer que resguardaba a adolescentes plagiados"},"content":{"rendered":"\n<p>Redacci\u00f3n\/Zona Roja.<\/p>\n\n\n\n<p>Oaxaca de Ju\u00e1rez, Oax., 17 de octubre de 2021.- La Fiscal\u00eda General del Estado de Oaxaca (FGEO) inform\u00f3 que obtuvo del Juzgado de Control, auto de vinculaci\u00f3n a proceso contra la persona del sexo femenino identificada como M. A. O. A., probable responsable del delito de trata de personas agravado en su modalidad de explotaci\u00f3n laboral, en agravio de tres menores de edad, cometido el pasado s\u00e1bado 9 de octubre, en la regi\u00f3n de Valles Centrales.<\/p>\n\n\n\n<p>En un comunicado, inform\u00f3 que, de acuerdo con la carpeta de investigaci\u00f3n 33350\/FVCE\/TLACOLULA\/2021, en agosto de 2021, uno de los menores de edad fue contactado por un sujeto desconocido a trav\u00e9s de la red social Facebook, quien le ofreci\u00f3 trabajo y un elevado sueldo para laborar como vigilante en la ciudad de Monterrey, en el estado de Nuevo Le\u00f3n.<\/p>\n\n\n\n<p>En fechas posteriores, capt\u00f3 con el mismo fin a otros dos menores de edad, principalmente en Tlacolula de Matamoros.<\/p>\n\n\n\n<p>Posteriormente, el pasado 9 de octubre del a\u00f1o en curso, la imputada aloj\u00f3 a las tres v\u00edctimas en un domicilio ubicado en inmediaciones de la colonia Santa Cecilia, en jurisdicci\u00f3n de Santa Luc\u00eda del Camino, con la intenci\u00f3n de trasladarlos en autob\u00fas a la Ciudad de M\u00e9xico y de ah\u00ed, a Nuevo Le\u00f3n, con el fin de explotarlos laboralmente.<\/p>\n\n\n\n<p>Expuso que la intervenci\u00f3n de la instituci\u00f3n de procuraci\u00f3n de justicia y gracias a un despliegue de b\u00fasqueda coordinado con las familias de los menores, as\u00ed como con autoridades municipales de Santa Luc\u00eda del Camino, logr\u00f3 su localizaci\u00f3n y restituci\u00f3n en esa misma fecha, adem\u00e1s de la detenci\u00f3n de la probable responsable.<\/p>\n\n\n\n<p>En audiencia, el Juez de la causa determin\u00f3 vincular a proceso a la imputada M. A. O. A., imponiendo la medida cautelar de prisi\u00f3n preventiva y otorgando cuatro meses para el cierre de investigaci\u00f3n complementaria.<\/p>\n","protected":false},"excerpt":{"rendered":"<p>Redacci\u00f3n\/Zona Roja. Oaxaca de Ju\u00e1rez, Oax., 17 de octubre de 2021.- La Fiscal\u00eda General del&hellip;<\/p>\n","protected":false},"author":2,"featured_media":33253,"comment_status":"closed","ping_status":"open","sticky":false,"template":"","format":"standard","meta":{"_lmt_disableupdate":"","_lmt_disable":"","_jetpack_memberships_contains_paid_content":false,"footnotes":""},"categories":[109,47],"tags":[],"class_list":["post-33252","post","type-post","status-publish","format-standard","has-post-thumbnail","hentry","category-minuto-a-minuto","category-zona-gris"],"jetpack_featured_media_url":"https:\/\/zonaroja.com.mx\/wp-content\/uploads\/2021\/10\/Detenida-por-trata-menores-Santa-Lucia.jpg","jetpack_sharing_enabled":true,"_links":{"self":[{"href":"https:\/\/zonaroja.com.mx\/index.php?rest_route=\/wp\/v2\/posts\/33252","targetHints":{"allow":["GET"]}}],"collection":[{"href":"https:\/\/zonaroja.com.mx\/index.php?rest_route=\/wp\/v2\/posts"}],"about":[{"href":"https:\/\/zonaroja.com.mx\/index.php?rest_route=\/wp\/v2\/types\/post"}],"author":[{"embeddable":true,"href":"https:\/\/zonaroja.com.mx\/index.php?rest_route=\/wp\/v2\/users\/2"}],"replies":[{"embeddable":true,"href":"https:\/\/zonaroja.com.mx\/index.php?rest_route=%2Fwp%2Fv2%2Fcomments&post=33252"}],"version-history":[{"count":1,"href":"https:\/\/zonaroja.com.mx\/index.php?rest_route=\/wp\/v2\/posts\/33252\/revisions"}],"predecessor-version":[{"id":33254,"href":"https:\/\/zonaroja.com.mx\/index.php?rest_route=\/wp\/v2\/posts\/33252\/revisions\/33254"}],"wp:featuredmedia":[{"embeddable":true,"href":"https:\/\/zonaroja.com.mx\/index.php?rest_route=\/wp\/v2\/media\/33253"}],"wp:attachment":[{"href":"https:\/\/zonaroja.com.mx\/index.php?rest_route=%2Fwp%2Fv2%2Fmedia&parent=33252"}],"wp:term":[{"taxonomy":"category","embeddable":true,"href":"https:\/\/zonaroja.com.mx\/index.php?rest_route=%2Fwp%2Fv2%2Fcategories&post=33252"},{"taxonomy":"post_tag","embeddable":true,"href":"https:\/\/zonaroja.com.mx\/index.php?rest_route=%2Fwp%2Fv2%2Ftags&post=33252"}],"curies":[{"name":"wp","href":"https:\/\/api.w.org\/{rel}","templated":true}]}}