{"id":3327,"date":"2019-08-23T15:04:22","date_gmt":"2019-08-23T20:04:22","guid":{"rendered":"https:\/\/www.zonaroja.com.mx\/?p=3327"},"modified":"2019-08-23T16:25:43","modified_gmt":"2019-08-23T21:25:43","slug":"incesantes-feminicidios-matan-a-mujer-y-su-pareja-en-la-costa","status":"publish","type":"post","link":"https:\/\/zonaroja.com.mx\/?p=3327","title":{"rendered":"Incesantes feminicidios; matan a mujer y su pareja en la Costa"},"content":{"rendered":"<p><span lang=\"ES\" style=\"font-family: Arial\">Evlin Arag\u00f3n\/<\/span><span lang=\"ES\" style=\"font-family: Arial\">Zona Roja.<\/span><\/p>\n<p><span lang=\"ES\" style=\"font-family: Arial\">Oaxaca de <\/span>Ju\u00e1rez<span lang=\"ES\" style=\"font-family: Arial\">, Oax., 23 <\/span>de<span lang=\"ES\" style=\"font-family: Arial\"> agosto de 2019.- Adalberta Luis Jim\u00e9nez, de 45 a\u00f1os de edad, y su esposo Emiliano Reyes Santiago, de 50 a\u00f1os, fueron asesinados casi a la media noche ayer con disparos de armas de grueso calibre en su domicilio en el municipio de Santo Domingo de Morelos, perteneciente al distrito de Pochutla, en la costa oaxaque\u00f1a.<\/span><span lang=\"ES\" style=\"font-family: Arial\"><span class=\"Apple-converted-space\">&nbsp;<\/span><\/span><\/p>\n<p><span lang=\"ES\" style=\"font-family: Arial\">Sin mayores datos del m\u00f3vil y contemplando \u00fanicamente que en el lugar de los hechos fueron localizados casquillos percutidos calibre nueve <\/span>mil\u00edmetros<span lang=\"ES\" style=\"font-family: Arial\"> y 0.23, la mujer forma parte hoy de las estad\u00edsticas que en los \u00faltimos d\u00edas crecen como la espuma en torno a la violencia.&nbsp;<\/span><\/p>\n<p><span lang=\"ES\" style=\"font-family: Arial\">Como lo <\/span>muestra<span lang=\"ES\" style=\"font-family: Arial\"> el contador de feminicidios de la organizaci\u00f3n Consorcio Oaxaca, <\/span>que<span lang=\"ES\" style=\"font-family: Arial\"> registra 337 casos de mujeres asesinadas durante la administraci\u00f3n de Alejandro Murat Hinojosa, y recientemente al igual que el Grupo de Estudios de la Mujer \u201cRosario Castellanos\u201d, se han pronunciado por acciones contundentes por parte de las autoridades para prevenir, atender y sancionar la violencia feminicida.<\/span><\/p>\n<p><span lang=\"ES\" style=\"font-family: Arial\">Los hechos m\u00e1s recientes registrados en la plataforma digital son el de Mar\u00eda Eugenia, joven 19 a\u00f1os cuyo cuerpo fue localizado en el camino de terracer\u00eda&nbsp;que comunica a Playa Colorada, en Puerto Escondido; y el de Mar\u00eda, quien se encontraba en su domicilio, ubicado en San Agust\u00edn Chayuco, Jamiltepec, cuando arrib\u00f3 un sujeto deton\u00f3 una escopeta y le dispar\u00f3.<\/span><span lang=\"ES\" style=\"font-family: arial;font-size: 12pt\"> <\/span><\/p>\n<p>Asimismo<span lang=\"ES\" style=\"font-family: arial;font-size: 12pt\"> de la <\/span>presidenta<span lang=\"ES\" style=\"font-family: arial;font-size: 12pt\"> <\/span>municipal<span lang=\"ES\" style=\"font-family: arial;font-size: 12pt\"> <\/span>de<span lang=\"ES\" style=\"font-family: arial;font-size: 12pt\"> <\/span>Estancia<span lang=\"ES\" style=\"font-family: arial;font-size: 12pt\"> Grande, <\/span>Carmela<span lang=\"ES\" style=\"font-family: arial;font-size: 12pt\"> Parral Santos; ninguno <\/span>de<span lang=\"ES\" style=\"font-family: arial;font-size: 12pt\"> <\/span>los<span lang=\"ES\" style=\"font-family: arial;font-size: 12pt\"> tres casos ha <\/span>sido<span lang=\"ES\" style=\"font-family: arial;font-size: 12pt\"> esclarecido <\/span>plenamente<span lang=\"ES\" style=\"font-family: arial;font-size: 12pt\"> y el caso de <\/span>Mar\u00eda<span lang=\"ES\" style=\"font-family: arial;font-size: 12pt\"> Eugenia fue desestimado como homicidio por parte de la <\/span>Fiscal\u00eda<span lang=\"ES\" style=\"font-family: arial;font-size: 12pt\"> <\/span>General<span lang=\"ES\" style=\"font-family: arial;font-size: 12pt\"> del Estado<\/span>.<span lang=\"ES\" style=\"font-family: arial;font-size: 12pt\"> <\/span><\/p>\n<p><span lang=\"ES\" style=\"font-family: arial;font-size: 12pt\">De acuerdo con las cifras oficiales del Sistema Nacional de Seguridad P\u00fablica (SESNSP), en el pa\u00eds los feminicidios aumentaron 150 por ciento en los \u00faltimos cuatro a\u00f1os y las violaciones se incrementaron 36 por ciento en el mismo periodo; mientras que en los primeros meses del 2019, las Fiscal\u00edas y Procuradur\u00edas estatales iniciaron 540 carpetas de investigaci\u00f3n por feminicidio.<\/span><\/p>\n<p><span lang=\"ES\" style=\"font-family: Arial\">Por lo anterior, Mar\u00eda de la Luz Estrada, coordinadora del Observatorio Ciudadano Nacional del Feminicidio (OCNF), consider\u00f3 que las pol\u00edticas para combatir la violencia de g\u00e9nero han sido un fracaso.<\/span><\/p>\n<p><span lang=\"ES\" style=\"font-family: Arial\">De acuerdo con la especialista, de nada sirven los protocolos generados al respecto si las autoridades no los aplica y prefieren reportar decenas de homicidios que reconocer que se trata de feminicidios y hacer frente a la problem\u00e1tica.&nbsp;<\/span><\/p>\n","protected":false},"excerpt":{"rendered":"<p>Evlin Arag\u00f3n\/Zona Roja. Oaxaca de Ju\u00e1rez, Oax., 23 de agosto de 2019.- Adalberta Luis Jim\u00e9nez,&hellip;<\/p>\n","protected":false},"author":2,"featured_media":3199,"comment_status":"closed","ping_status":"open","sticky":false,"template":"","format":"standard","meta":{"_lmt_disableupdate":"","_lmt_disable":"","_jetpack_memberships_contains_paid_content":false,"footnotes":""},"categories":[109,51],"tags":[60,604],"class_list":["post-3327","post","type-post","status-publish","format-standard","has-post-thumbnail","hentry","category-minuto-a-minuto","category-zona-roja","tag-feminicidio","tag-santo-domingo-de-morelos"],"jetpack_featured_media_url":"https:\/\/zonaroja.com.mx\/wp-content\/uploads\/2019\/08\/Marcha-feminicidio-Puerto-Escondido-6.jpg","jetpack_sharing_enabled":true,"_links":{"self":[{"href":"https:\/\/zonaroja.com.mx\/index.php?rest_route=\/wp\/v2\/posts\/3327","targetHints":{"allow":["GET"]}}],"collection":[{"href":"https:\/\/zonaroja.com.mx\/index.php?rest_route=\/wp\/v2\/posts"}],"about":[{"href":"https:\/\/zonaroja.com.mx\/index.php?rest_route=\/wp\/v2\/types\/post"}],"author":[{"embeddable":true,"href":"https:\/\/zonaroja.com.mx\/index.php?rest_route=\/wp\/v2\/users\/2"}],"replies":[{"embeddable":true,"href":"https:\/\/zonaroja.com.mx\/index.php?rest_route=%2Fwp%2Fv2%2Fcomments&post=3327"}],"version-history":[{"count":2,"href":"https:\/\/zonaroja.com.mx\/index.php?rest_route=\/wp\/v2\/posts\/3327\/revisions"}],"predecessor-version":[{"id":3331,"href":"https:\/\/zonaroja.com.mx\/index.php?rest_route=\/wp\/v2\/posts\/3327\/revisions\/3331"}],"wp:featuredmedia":[{"embeddable":true,"href":"https:\/\/zonaroja.com.mx\/index.php?rest_route=\/wp\/v2\/media\/3199"}],"wp:attachment":[{"href":"https:\/\/zonaroja.com.mx\/index.php?rest_route=%2Fwp%2Fv2%2Fmedia&parent=3327"}],"wp:term":[{"taxonomy":"category","embeddable":true,"href":"https:\/\/zonaroja.com.mx\/index.php?rest_route=%2Fwp%2Fv2%2Fcategories&post=3327"},{"taxonomy":"post_tag","embeddable":true,"href":"https:\/\/zonaroja.com.mx\/index.php?rest_route=%2Fwp%2Fv2%2Ftags&post=3327"}],"curies":[{"name":"wp","href":"https:\/\/api.w.org\/{rel}","templated":true}]}}