{"id":33280,"date":"2021-10-18T13:31:05","date_gmt":"2021-10-18T18:31:05","guid":{"rendered":"https:\/\/www.zonaroja.com.mx\/?p=33280"},"modified":"2021-10-18T13:31:11","modified_gmt":"2021-10-18T18:31:11","slug":"presenta-uabjo-repositorio-institucional-en-la-feria-del-libro","status":"publish","type":"post","link":"https:\/\/zonaroja.com.mx\/?p=33280","title":{"rendered":"Presenta UABJO Repositorio Institucional, en la Feria del Libro"},"content":{"rendered":"\n<p><\/p>\n\n\n\n<p>Evlin Arag\u00f3n\/Zona Roja.&nbsp;<\/p>\n\n\n\n<p>Oaxaca de Ju\u00e1rez, Oax., 18 de octubre de 2021.- En el marco de la Feria Internacional del Libro de Oaxaca (FILO), la Universidad Aut\u00f3noma \u201cBenito Ju\u00e1rez\u201d de Oaxaca (UABJO) present\u00f3 su Repositorio Institucional, que tiene como principal objetivo reunir, preservar y divulgar su producci\u00f3n intelectual y acad\u00e9mica.&nbsp;<\/p>\n\n\n\n<p>Durante la presentaci\u00f3n, el rector de la m\u00e1xima casa de estudios, Eduardo Bautista Mart\u00ednez, destac\u00f3 la intenci\u00f3n que&nbsp;hist\u00f3ricamente ha tenido&nbsp;la UABJO de contribuir en la divulgaci\u00f3n del conocimiento y la promoci\u00f3n de las letras, lo cual se vuelve posible mediante procesos como el que encabeza la FILO.&nbsp;<\/p>\n\n\n\n<p>En este sentido, indic\u00f3 que pese a la pandemia, la Universidad no se paraliz\u00f3 y por el contrario centr\u00f3 sus esfuerzos en acciones que no necesariamente implicaban la relaci\u00f3n directa, tal es el caso del dise\u00f1o del&nbsp;Repositorio Institucional que almacena la producci\u00f3n de conocimiento generado al interior.&nbsp;<\/p>\n\n\n\n<p>\u201cUno de los m\u00e9ritos de las tecnolog\u00edas es transmitir hacia el mundo lo que se hace en regiones del pa\u00eds, por ejemplo, Oaxaca. Afortunadamente estamos transitando a una nueva forma de divulgaci\u00f3n y conocimiento\u201d, se\u00f1al\u00f3 el rector de la UABJO.&nbsp;<\/p>\n\n\n\n<p>Bautista Mart\u00ednez reiter\u00f3 que, en medio de la pandemia, la universidad oaxaque\u00f1a demostr\u00f3 que est\u00e1 haciendo ciencia en condiciones de resiliencia y cuyos resultados pueden ser consultado en el repositorio que puede consultarse en la p\u00e1gina&nbsp;www.uabjo.slm.cloud.<\/p>\n\n\n\n<p>\u201c\u00c9sta es la principal muestra de que la UABJO est\u00e1 cumpliendo con su labor, que est\u00e1 generando conocimiento, que est\u00e1 haciendo ciencia, que sigue generando relaciones humanistas que estamos inscritos en esta gran corriente democratizadora de acceso abierto de la ciencia\u201d, sentenci\u00f3.&nbsp;&nbsp;<\/p>\n\n\n\n<p>Por su parte la doctora Rosa Mar\u00eda Vel\u00e1squez, integrante del Comit\u00e9 Editorial, destac\u00f3 la importancia que tienen los Repositorios Institucionales para los Programas de Posgrado de Calidad, toda vez que dan visi\u00f3n a los trabajos realizados por el estudiantado matriculado que est\u00e1 obligado a publicarlos.&nbsp;&nbsp;<\/p>\n\n\n\n<p>Finalmente, Gisela Fuentes Mascorro, directora editorial, destac\u00f3 que en la actualidad todas las instituciones acad\u00e9micas deben contar con una p\u00e1gina web de car\u00e1cter independiente donde se organice, se almacene y se preserve el material que producen al interior, ello en el marco de la Ley de Ciencia y Tecnolog\u00eda e Innovaci\u00f3n 2020, mismo que debe tener libre acceso a la poblaci\u00f3n.&nbsp;&nbsp;<\/p>\n\n\n\n<p>Y detall\u00f3 que, al interior del repositorio se encuentran las tesis generadas por la comunidad universitaria, as\u00ed como los libros y las revistas publicadas por la UABJO que son: \u201cRa Ri\u00f3\u201d y \u201cTequio\u201d, dise\u00f1adas para difundir la investigaci\u00f3n, las reflexiones te\u00f3ricas y el conocimiento cient\u00edfico entre la comunidad universitaria y el p\u00fablico en general.  <\/p>\n","protected":false},"excerpt":{"rendered":"<p>Evlin Arag\u00f3n\/Zona Roja.&nbsp; Oaxaca de Ju\u00e1rez, Oax., 18 de octubre de 2021.- En el marco&hellip;<\/p>\n","protected":false},"author":2,"featured_media":33279,"comment_status":"closed","ping_status":"open","sticky":false,"template":"","format":"standard","meta":{"_lmt_disableupdate":"","_lmt_disable":"","_jetpack_memberships_contains_paid_content":false,"footnotes":""},"categories":[109,46],"tags":[360],"class_list":["post-33280","post","type-post","status-publish","format-standard","has-post-thumbnail","hentry","category-minuto-a-minuto","category-zona-blanca","tag-rector-eduardo-bautista-martinez"],"jetpack_featured_media_url":"https:\/\/zonaroja.com.mx\/wp-content\/uploads\/2021\/10\/img_2926.jpg","jetpack_sharing_enabled":true,"_links":{"self":[{"href":"https:\/\/zonaroja.com.mx\/index.php?rest_route=\/wp\/v2\/posts\/33280","targetHints":{"allow":["GET"]}}],"collection":[{"href":"https:\/\/zonaroja.com.mx\/index.php?rest_route=\/wp\/v2\/posts"}],"about":[{"href":"https:\/\/zonaroja.com.mx\/index.php?rest_route=\/wp\/v2\/types\/post"}],"author":[{"embeddable":true,"href":"https:\/\/zonaroja.com.mx\/index.php?rest_route=\/wp\/v2\/users\/2"}],"replies":[{"embeddable":true,"href":"https:\/\/zonaroja.com.mx\/index.php?rest_route=%2Fwp%2Fv2%2Fcomments&post=33280"}],"version-history":[{"count":1,"href":"https:\/\/zonaroja.com.mx\/index.php?rest_route=\/wp\/v2\/posts\/33280\/revisions"}],"predecessor-version":[{"id":33281,"href":"https:\/\/zonaroja.com.mx\/index.php?rest_route=\/wp\/v2\/posts\/33280\/revisions\/33281"}],"wp:featuredmedia":[{"embeddable":true,"href":"https:\/\/zonaroja.com.mx\/index.php?rest_route=\/wp\/v2\/media\/33279"}],"wp:attachment":[{"href":"https:\/\/zonaroja.com.mx\/index.php?rest_route=%2Fwp%2Fv2%2Fmedia&parent=33280"}],"wp:term":[{"taxonomy":"category","embeddable":true,"href":"https:\/\/zonaroja.com.mx\/index.php?rest_route=%2Fwp%2Fv2%2Fcategories&post=33280"},{"taxonomy":"post_tag","embeddable":true,"href":"https:\/\/zonaroja.com.mx\/index.php?rest_route=%2Fwp%2Fv2%2Ftags&post=33280"}],"curies":[{"name":"wp","href":"https:\/\/api.w.org\/{rel}","templated":true}]}}