{"id":33282,"date":"2021-10-18T15:15:40","date_gmt":"2021-10-18T20:15:40","guid":{"rendered":"http:\/\/www.zonaroja.com.mx\/?p=33282"},"modified":"2021-10-18T15:20:54","modified_gmt":"2021-10-18T20:20:54","slug":"mientras-edil-acude-a-conferencia-de-salomon-jara-ejecutan-a-dos-en-juchitan","status":"publish","type":"post","link":"https:\/\/zonaroja.com.mx\/?p=33282","title":{"rendered":"Mientras edil acude a conferencia de Salom\u00f3n Jara, ejecutan a dos en Juchit\u00e1n"},"content":{"rendered":"\n<p>Redacci\u00f3n\/Zona Roja.<\/p>\n\n\n\n<p>Oaxaca de Ju\u00e1rez, Oax., 18 de octubre de 2021.- Mientras el presidente municipal de Juchit\u00e1n de Zaragoza se encontraba en un acto pol\u00edtico con el senador morenista Salom\u00f3n Jara Cruz, dos personas fueron ejecutadas a balazos.<\/p>\n\n\n\n<p>Los hechos ocurrieron esta tarde en jurisdicci\u00f3n de la colonia 5 de Mayo, en un camino que conduce a Santa Mar\u00eda Xadani.<\/p>\n\n\n\n<p>Sujetos armados acribillaron a dos personas del sexo masculino, identificadas de manera preliminar como Jos\u00e9 Luis R. y Vicente R., padre e hijo, seg\u00fan se dio a conocer.<\/p>\n\n\n\n<p>Uno de los cuerpos qued\u00f3 en un predio y el otro en el interior de un mototaxi; los homicidas huyeron de inmediato de la zona. Hasta el momento no hay personas detenidas por este doble crimen.<\/p>\n\n\n\n<p>Momentos antes, en el centro de Juchit\u00e1n, el edil Emilio Montero P\u00e9rez &#8211;que hace tres a\u00f1os gan\u00f3 la presidencia municipal por el Partido Morena y este a\u00f1o lo hizo por el Partido del Trabajo&#8211; acompa\u00f1\u00f3 a Jara Cruz a un acto proselitista.<\/p>\n\n\n\n<p>En ese encuentro con medios de comunicaci\u00f3n, el senador por Morena anunci\u00f3 su pr\u00f3ximo informe legislativo, mismo seguir\u00e1 dando a conocer en recorridos por el interior del estado.<\/p>\n\n\n\n<figure class=\"wp-block-image size-large\"><img decoding=\"async\" width=\"1600\" height=\"900\" src=\"https:\/\/www.zonaroja.com.mx\/wp-content\/uploads\/2021\/10\/img_3017.jpg\" alt=\"\" class=\"wp-image-33285\" srcset=\"https:\/\/zonaroja.com.mx\/wp-content\/uploads\/2021\/10\/img_3017.jpg 1600w, https:\/\/zonaroja.com.mx\/wp-content\/uploads\/2021\/10\/img_3017-300x169.jpg 300w, https:\/\/zonaroja.com.mx\/wp-content\/uploads\/2021\/10\/img_3017-1024x576.jpg 1024w, https:\/\/zonaroja.com.mx\/wp-content\/uploads\/2021\/10\/img_3017-768x432.jpg 768w, https:\/\/zonaroja.com.mx\/wp-content\/uploads\/2021\/10\/img_3017-1536x864.jpg 1536w, https:\/\/zonaroja.com.mx\/wp-content\/uploads\/2021\/10\/img_3017-1170x658.jpg 1170w, https:\/\/zonaroja.com.mx\/wp-content\/uploads\/2021\/10\/img_3017-585x329.jpg 585w\" sizes=\"(max-width: 1600px) 100vw, 1600px\" \/><\/figure>\n","protected":false},"excerpt":{"rendered":"<p>Redacci\u00f3n\/Zona Roja. Oaxaca de Ju\u00e1rez, Oax., 18 de octubre de 2021.- Mientras el presidente municipal&hellip;<\/p>\n","protected":false},"author":2,"featured_media":33286,"comment_status":"closed","ping_status":"open","sticky":false,"template":"","format":"standard","meta":{"_lmt_disableupdate":"","_lmt_disable":"","_jetpack_memberships_contains_paid_content":false,"footnotes":""},"categories":[109,51],"tags":[123],"class_list":["post-33282","post","type-post","status-publish","format-standard","has-post-thumbnail","hentry","category-minuto-a-minuto","category-zona-roja","tag-juchitan-de-zaragoza"],"jetpack_featured_media_url":"https:\/\/zonaroja.com.mx\/wp-content\/uploads\/2021\/10\/48d9844e-f07e-43b6-9bd9-09328002d87a.jpg","jetpack_sharing_enabled":true,"_links":{"self":[{"href":"https:\/\/zonaroja.com.mx\/index.php?rest_route=\/wp\/v2\/posts\/33282","targetHints":{"allow":["GET"]}}],"collection":[{"href":"https:\/\/zonaroja.com.mx\/index.php?rest_route=\/wp\/v2\/posts"}],"about":[{"href":"https:\/\/zonaroja.com.mx\/index.php?rest_route=\/wp\/v2\/types\/post"}],"author":[{"embeddable":true,"href":"https:\/\/zonaroja.com.mx\/index.php?rest_route=\/wp\/v2\/users\/2"}],"replies":[{"embeddable":true,"href":"https:\/\/zonaroja.com.mx\/index.php?rest_route=%2Fwp%2Fv2%2Fcomments&post=33282"}],"version-history":[{"count":2,"href":"https:\/\/zonaroja.com.mx\/index.php?rest_route=\/wp\/v2\/posts\/33282\/revisions"}],"predecessor-version":[{"id":33287,"href":"https:\/\/zonaroja.com.mx\/index.php?rest_route=\/wp\/v2\/posts\/33282\/revisions\/33287"}],"wp:featuredmedia":[{"embeddable":true,"href":"https:\/\/zonaroja.com.mx\/index.php?rest_route=\/wp\/v2\/media\/33286"}],"wp:attachment":[{"href":"https:\/\/zonaroja.com.mx\/index.php?rest_route=%2Fwp%2Fv2%2Fmedia&parent=33282"}],"wp:term":[{"taxonomy":"category","embeddable":true,"href":"https:\/\/zonaroja.com.mx\/index.php?rest_route=%2Fwp%2Fv2%2Fcategories&post=33282"},{"taxonomy":"post_tag","embeddable":true,"href":"https:\/\/zonaroja.com.mx\/index.php?rest_route=%2Fwp%2Fv2%2Ftags&post=33282"}],"curies":[{"name":"wp","href":"https:\/\/api.w.org\/{rel}","templated":true}]}}