{"id":33291,"date":"2021-10-18T16:23:16","date_gmt":"2021-10-18T21:23:16","guid":{"rendered":"http:\/\/www.zonaroja.com.mx\/?p=33291"},"modified":"2021-10-18T16:23:19","modified_gmt":"2021-10-18T21:23:19","slug":"conflictos-sin-fin-en-san-mateo-del-mar-protestan-en-la-capital","status":"publish","type":"post","link":"https:\/\/zonaroja.com.mx\/?p=33291","title":{"rendered":"Conflictos sin fin en San Mateo del Mar; protestan en la capital"},"content":{"rendered":"\n<p>Evlin Arag\u00f3n\/Zona Roja.<\/p>\n\n\n\n<p>Oaxaca de Ju\u00e1rez, Oax, 18 de octubre de 2021.- Habitantes del San Mateo del Mar se apoderaron de las instalaciones del Instituto Estatal Electoral y de Participaci\u00f3n Ciudadana de Oaxaca (IEEPCO) en la capital, para denunciar la violaci\u00f3n de sus derechos pol\u00edtico-electorales, tras el desconocimiento de Bernandino Ponce como autoridad municipal, adem\u00e1s de exigir al Congreso local la destituci\u00f3n inmediata de las y los consejeros.&nbsp;<\/p>\n\n\n\n<p>Adheridos al Consejo Ind\u00edgena por los Derechos Fundamentales (CID), explicaron que la autoridad electoral local no respet\u00f3 el derecho de audiencia de sus autoridades elegidas mediante 16 asambleas realizadas en octubre del 2019, lo cual violent\u00f3 su m\u00e9todo de elecci\u00f3n establecido el r\u00e9gimen de Sistemas Normativos Ind\u00edgenas.&nbsp;<\/p>\n\n\n\n<p>\u201cExigimos el apego y respeto irrestricto a nuestro m\u00e9todo de elecci\u00f3n de San Mateo del Mar. Exigimos el respeto a nuestros derechos pol\u00edtico electorales ejercidos mediante el voto a mano alzada en la asamblea general del 13 de octubre\u201d, refieren en un documento.<\/p>\n\n\n\n<p>En este sentido, acusaron al pleno del IEEPCO de nombrar a un nuevo Cabildo y abrirles la puerta a varios presuntos asesinos identificados en la masacre del 21 de junio en Huazantl\u00e1n del R\u00edo, tal y como es el caso de Camerino D\u00e1valos Larrinzar, a quien nombraron regidor de Vialidad.&nbsp;<\/p>\n\n\n\n<p>Por lo anterior, solicitaron al Congreso de Oaxaca la destituci\u00f3n de las y los consejeros a quienes responsabilizaron, al igual que a la Secretar\u00eda General de Gobierno (Segego), de la violencia y desplazamiento forzados de personas que la nueva autoridad espuria haga en contra del pueblo de San Mateo del Mar.&nbsp;<\/p>\n\n\n\n<p>\u201cObvio que la asamblea fue hecha a modo del grupo priista que prevalece en San Mateo del Mar y que durante muchos a\u00f1os ha tenido en el rezago total a la comunidad\u201d refiri\u00f3 uno de los cientos de manifestantes que se dieron cita en el lugar, provenientes de las once agencias municipales.\u00a0<\/p>\n\n\n\n<figure class=\"wp-block-embed-twitter wp-block-embed is-type-rich is-provider-twitter\"><div class=\"wp-block-embed__wrapper\">\n<div class=\"twitter-tweet\"><blockquote class=\"twitter-tweet\" data-lang=\"es\"><p lang=\"es\" dir=\"ltr\"><a href=\"https:\/\/twitter.com\/hashtag\/ENVIVO?src=hash&amp;ref_src=twsrc%5Etfw\">#ENVIVO<\/a><br>Oaxaca de Ju\u00e1rez, Oax., 18 de octubre del 2021.- Poblafores de San Mateo del Mar protestan en la sede del IEEPCO, tras el desconocimiento del edil Bernardino Ponce Hinojosa.<br>Siga aqu\u00ed la transmisi\u00f3n:<br>\ud83d\udc47<a href=\"https:\/\/t.co\/94eXHW4ayq\">https:\/\/t.co\/94eXHW4ayq<\/a> <a href=\"https:\/\/t.co\/icfI39bfnA\">pic.twitter.com\/icfI39bfnA<\/a><\/p>&mdash; Zona Roja Oaxaca (@Zona_Roja_Oax) <a href=\"https:\/\/twitter.com\/Zona_Roja_Oax\/status\/1450141658511810567?ref_src=twsrc%5Etfw\">18 de octubre de 2021<\/a><\/blockquote><\/div>\n<\/div><\/figure>\n\n\n\n<p>TAMBI\u00c9N CHIMAS<\/p>\n\n\n\n<p>A este mismo lugar arribaron habitantes de San Miguel Chimalapa, quienes denunciaron que intereses de gobierno, particularmente grupos priistas, han impedido que el edil Francisco S\u00e1nchez Guti\u00e9rrez desarrolle las obras que benefician a la comunidad.&nbsp;<\/p>\n\n\n\n<p>As\u00ed lo dio a conocer Roque S\u00e1nchez Guti\u00e9rrez, quien detall\u00f3 que los recursos estatales y federales est\u00e1n siendo desviados y utilizados para la compra de conciencias en la comunidad, ello en beneficio de los grupos que desde hace d\u00e9cadas se han visto beneficiados con el saqueo en los pueblos y comunidades ind\u00edgenas.&nbsp;<\/p>\n\n\n\n<p>De manera directa denunci\u00f3 a Carlos G\u00f3mez, quien fuera delegado de gobierno en la zona y quien desde hace a\u00f1os mantiene metidas las manos en las irregularidades con el manejo de los recursos p\u00fablicos.&nbsp;<\/p>\n\n\n\n<p>\u201cQueremos decirle al gobernador que no estamos de acuerdo con lo que est\u00e1 pasando. El gobierno federal est\u00e1 cumpliendo con el mandato de la ley de Bienestar, pero no est\u00e1 llegando a quienes m\u00e1s lo necesitan\u201d, dijo.<\/p>\n\n\n\n<p>Igualmente, respald\u00f3 la lucha emprendida por San Mateo del Mar, ya que indic\u00f3 se deben respetar los usos y costumbres de las comunidades, a la par que anunci\u00f3 una pr\u00f3xima movilizaci\u00f3n a la ciudad de M\u00e9xico para exigir la resoluci\u00f3n de la Controversia Constitucional por medio de la cual exigen el reconocimiento de su territorio.\u00a0<\/p>\n\n\n\n<figure class=\"wp-block-embed-twitter wp-block-embed is-type-rich is-provider-twitter\"><div class=\"wp-block-embed__wrapper\">\n<div class=\"twitter-tweet\"><blockquote class=\"twitter-tweet\" data-lang=\"es\"><p lang=\"es\" dir=\"ltr\"><a href=\"https:\/\/twitter.com\/hashtag\/%C3%9AltimoMinuto?src=hash&amp;ref_src=twsrc%5Etfw\">#\u00daltimoMinuto<\/a> <br>A la protesta en el exterior del <a href=\"https:\/\/twitter.com\/IEEPCO?ref_src=twsrc%5Etfw\">@IEEPCO<\/a>, colonia Reforma de la ciudad de <a href=\"https:\/\/twitter.com\/hashtag\/Oaxaca?src=hash&amp;ref_src=twsrc%5Etfw\">#Oaxaca<\/a>, arrib\u00f3 tambi\u00e9n un grupo de pobladores de San Miguel <a href=\"https:\/\/twitter.com\/hashtag\/Chimalapa?src=hash&amp;ref_src=twsrc%5Etfw\">#Chimalapa<\/a>, para denunciar intromisi\u00f3n de autoridades estatales, as\u00ed como una protesta en la Ciudad de M\u00e9xico. <a href=\"https:\/\/t.co\/12cSskDl17\">pic.twitter.com\/12cSskDl17<\/a><\/p>&mdash; Zona Roja Oaxaca (@Zona_Roja_Oax) <a href=\"https:\/\/twitter.com\/Zona_Roja_Oax\/status\/1450183328703856644?ref_src=twsrc%5Etfw\">18 de octubre de 2021<\/a><\/blockquote><\/div>\n<\/div><\/figure>\n","protected":false},"excerpt":{"rendered":"<p>Evlin Arag\u00f3n\/Zona Roja. Oaxaca de Ju\u00e1rez, Oax, 18 de octubre de 2021.- Habitantes del San&hellip;<\/p>\n","protected":false},"author":2,"featured_media":33292,"comment_status":"closed","ping_status":"open","sticky":false,"template":"","format":"standard","meta":{"_lmt_disableupdate":"","_lmt_disable":"","_jetpack_memberships_contains_paid_content":false,"footnotes":""},"categories":[109,47],"tags":[605],"class_list":["post-33291","post","type-post","status-publish","format-standard","has-post-thumbnail","hentry","category-minuto-a-minuto","category-zona-gris","tag-san-mateo-del-mar"],"jetpack_featured_media_url":"https:\/\/zonaroja.com.mx\/wp-content\/uploads\/2021\/10\/Conferencia-de-prensa-San-Mateo-del-Mar-en-IEEPCO.jpg","jetpack_sharing_enabled":true,"_links":{"self":[{"href":"https:\/\/zonaroja.com.mx\/index.php?rest_route=\/wp\/v2\/posts\/33291","targetHints":{"allow":["GET"]}}],"collection":[{"href":"https:\/\/zonaroja.com.mx\/index.php?rest_route=\/wp\/v2\/posts"}],"about":[{"href":"https:\/\/zonaroja.com.mx\/index.php?rest_route=\/wp\/v2\/types\/post"}],"author":[{"embeddable":true,"href":"https:\/\/zonaroja.com.mx\/index.php?rest_route=\/wp\/v2\/users\/2"}],"replies":[{"embeddable":true,"href":"https:\/\/zonaroja.com.mx\/index.php?rest_route=%2Fwp%2Fv2%2Fcomments&post=33291"}],"version-history":[{"count":1,"href":"https:\/\/zonaroja.com.mx\/index.php?rest_route=\/wp\/v2\/posts\/33291\/revisions"}],"predecessor-version":[{"id":33293,"href":"https:\/\/zonaroja.com.mx\/index.php?rest_route=\/wp\/v2\/posts\/33291\/revisions\/33293"}],"wp:featuredmedia":[{"embeddable":true,"href":"https:\/\/zonaroja.com.mx\/index.php?rest_route=\/wp\/v2\/media\/33292"}],"wp:attachment":[{"href":"https:\/\/zonaroja.com.mx\/index.php?rest_route=%2Fwp%2Fv2%2Fmedia&parent=33291"}],"wp:term":[{"taxonomy":"category","embeddable":true,"href":"https:\/\/zonaroja.com.mx\/index.php?rest_route=%2Fwp%2Fv2%2Fcategories&post=33291"},{"taxonomy":"post_tag","embeddable":true,"href":"https:\/\/zonaroja.com.mx\/index.php?rest_route=%2Fwp%2Fv2%2Ftags&post=33291"}],"curies":[{"name":"wp","href":"https:\/\/api.w.org\/{rel}","templated":true}]}}