{"id":33298,"date":"2021-10-18T20:45:49","date_gmt":"2021-10-19T01:45:49","guid":{"rendered":"http:\/\/www.zonaroja.com.mx\/?p=33298"},"modified":"2021-10-18T20:45:52","modified_gmt":"2021-10-19T01:45:52","slug":"fgr-oaxaca-vincula-a-proceso-a-8-polleros-por-transportar-459-migrantes","status":"publish","type":"post","link":"https:\/\/zonaroja.com.mx\/?p=33298","title":{"rendered":"FGR Oaxaca vincula a proceso a 8 \u201cpolleros\u201d por transportar 459 migrantes"},"content":{"rendered":"\n<p>Redacci\u00f3n\/Zona Roja.<\/p>\n\n\n\n<p>Oaxaca de Ju\u00e1rez, Oax., 18 de octubre de 2021.- La Fiscal\u00eda General de la Rep\u00fablica (FGR), delegaci\u00f3n Oaxaca, logr\u00f3 la vinculaci\u00f3n a proceso a ocho personas, por transportar a 459 migrantes centroamericanos, en tres hechos registrados el pasado jueves de octubre.<\/p>\n\n\n\n<p>En un primer hecho, se trat\u00f3 la detenci\u00f3n de cinco personas por el delito de transporte de migrantes por el territorio nacional, a bordo de dos autobuses, interceptados por la Polic\u00eda Vial Estatal en la carretera federal 190, Oaxaca-Istmo, a la altura de Uni\u00f3n Zapata, Villa de Mitla.<\/p>\n\n\n\n<p>Ah\u00ed interceptaron a un total de 260 personas extranjeras provenientes de Guatemala, Honduras y el Salvador, de las cuales 69 eran menores de edad y quienes no pudieron acreditar su legal estancia en el pa\u00eds.<\/p>\n\n\n\n<p>En otro caso, se inici\u00f3 el proceso judicial contra dos personas por el delito de transporte de migrantes, sobre el kil\u00f3metro 002+050 de la carretera 190, tramo Nochixtl\u00e1n-Huajuapan de Le\u00f3n, cuando llevaban en un autob\u00fas con placas de circulaci\u00f3n del Servicio de Autotransporte Federal, a 129 personas extranjeras provenientes del Salvador, Honduras, Guatemala y Nicaragua, de las cuales 24 eran menores de edad y quienes no pudieron acreditar su legal estancia en el pa\u00eds.<\/p>\n\n\n\n<p>El tercer caso fue la detenci\u00f3n de una persona en el kil\u00f3metro 182+100 de la supercarretera Cuacnopalan-Oaxaca, cuando transportaba en un veh\u00edculo tipo cami\u00f3n, a 70 personas extranjeras, las cuales al saber que ser\u00edan puestos a disposici\u00f3n del Instituto Nacional de Migraci\u00f3n, \u201cse tornaron agresivos y se fugaron la mayor\u00eda de ellos, por lo que solamente quedaron 19 personas provenientes de Guatemala, de las cuales 10 eran menores de edad y quienes no pudieron acreditar su legal estancia en el pa\u00eds\u201d.<\/p>\n\n\n\n<p>A todos los detenidos se les impuso la medida de prisi\u00f3n preventiva, en el Centro Federal de Readaptaci\u00f3n Social con sede en Miahuatl\u00e1n de Porfirio D\u00edaz y se fij\u00f3 un plazo de tres meses para el cierre de la investigaci\u00f3n complementaria.<\/p>\n","protected":false},"excerpt":{"rendered":"<p>Redacci\u00f3n\/Zona Roja. Oaxaca de Ju\u00e1rez, Oax., 18 de octubre de 2021.- La Fiscal\u00eda General de&hellip;<\/p>\n","protected":false},"author":2,"featured_media":33299,"comment_status":"closed","ping_status":"open","sticky":false,"template":"","format":"standard","meta":{"_lmt_disableupdate":"","_lmt_disable":"","_jetpack_memberships_contains_paid_content":false,"footnotes":""},"categories":[109,47],"tags":[],"class_list":["post-33298","post","type-post","status-publish","format-standard","has-post-thumbnail","hentry","category-minuto-a-minuto","category-zona-gris"],"jetpack_featured_media_url":"https:\/\/zonaroja.com.mx\/wp-content\/uploads\/2021\/10\/Migrantes-Oaxaca-INM.jpg","jetpack_sharing_enabled":true,"_links":{"self":[{"href":"https:\/\/zonaroja.com.mx\/index.php?rest_route=\/wp\/v2\/posts\/33298","targetHints":{"allow":["GET"]}}],"collection":[{"href":"https:\/\/zonaroja.com.mx\/index.php?rest_route=\/wp\/v2\/posts"}],"about":[{"href":"https:\/\/zonaroja.com.mx\/index.php?rest_route=\/wp\/v2\/types\/post"}],"author":[{"embeddable":true,"href":"https:\/\/zonaroja.com.mx\/index.php?rest_route=\/wp\/v2\/users\/2"}],"replies":[{"embeddable":true,"href":"https:\/\/zonaroja.com.mx\/index.php?rest_route=%2Fwp%2Fv2%2Fcomments&post=33298"}],"version-history":[{"count":1,"href":"https:\/\/zonaroja.com.mx\/index.php?rest_route=\/wp\/v2\/posts\/33298\/revisions"}],"predecessor-version":[{"id":33300,"href":"https:\/\/zonaroja.com.mx\/index.php?rest_route=\/wp\/v2\/posts\/33298\/revisions\/33300"}],"wp:featuredmedia":[{"embeddable":true,"href":"https:\/\/zonaroja.com.mx\/index.php?rest_route=\/wp\/v2\/media\/33299"}],"wp:attachment":[{"href":"https:\/\/zonaroja.com.mx\/index.php?rest_route=%2Fwp%2Fv2%2Fmedia&parent=33298"}],"wp:term":[{"taxonomy":"category","embeddable":true,"href":"https:\/\/zonaroja.com.mx\/index.php?rest_route=%2Fwp%2Fv2%2Fcategories&post=33298"},{"taxonomy":"post_tag","embeddable":true,"href":"https:\/\/zonaroja.com.mx\/index.php?rest_route=%2Fwp%2Fv2%2Ftags&post=33298"}],"curies":[{"name":"wp","href":"https:\/\/api.w.org\/{rel}","templated":true}]}}