{"id":33304,"date":"2021-10-18T22:14:42","date_gmt":"2021-10-19T03:14:42","guid":{"rendered":"http:\/\/www.zonaroja.com.mx\/?p=33304"},"modified":"2021-10-18T22:14:45","modified_gmt":"2021-10-19T03:14:45","slug":"autoridades-de-dos-municipios-de-oaxaca-fueron-retenidas-este-lunes","status":"publish","type":"post","link":"https:\/\/zonaroja.com.mx\/?p=33304","title":{"rendered":"Autoridades de dos municipios de Oaxaca fueron retenidas este lunes"},"content":{"rendered":"\n<p>Redacci\u00f3n\/Zona Roja.<\/p>\n\n\n\n<p>Oaxaca de Ju\u00e1rez, Oax., 18 de octubre de 2021.- En dos hechos distintos, autoridades municipales de Santa Catarina Juquila y de San Jos\u00e9 Chiltepec, fueron retenidas este lunes, sin que haya intervenido hasta ahora la Secretar\u00eda General de Gobierno de Oaxaca (Segego).<\/p>\n\n\n\n<p>Pobladores de San Marcos Zacatepec, agencia de Juquila, mantienen privada de su libertad al S\u00edndico municipal, para exigir la entrega de recursos municipales y la revisi\u00f3n a las cuentas del ayuntamiento.<\/p>\n\n\n\n<p>As\u00ed mismo, para exigir a las autoridades estatales que informen acerca de las denuncias que hay en la Fiscal\u00eda General de Justicia y en la Fiscal\u00eda Anticorrupci\u00f3n, as\u00ed como en el Organismo Superior de Fiscalizaci\u00f3n, en contra del presidente municipal Francisco Z\u00e1rate Pacheco.<\/p>\n\n\n\n<p>Desde la semana pasada, Zacatepec reinici\u00f3 su lucha por la asignaci\u00f3n de recursos presupuestales y desde ayer bloquean la carretera local Juquila-R\u00edo Grande.<\/p>\n\n\n\n<p>Por otra parte, desde la ma\u00f1ana de hoy, fue retenido el presidente municipal de San Jos\u00e9 Chiltepec, Mart\u00edn Garc\u00eda Hern\u00e1ndez, en la comunidad de Pueblo Viejo, regi\u00f3n de la Cuenca.<\/p>\n\n\n\n<p>Lo anterior, a fin de que cumpla con la realizaci\u00f3n de obras p\u00fablicas, por lo cual semanas atr\u00e1s tambi\u00e9n hab\u00edan bloqueado la v\u00eda federal 175.<\/p>\n\n\n\n<p>En ambos, la Secretar\u00eda General de Gobierno no ha informado si concilia entre las partes involucradas a fin de que no haya afectaciones a terceras personas.<\/p>\n","protected":false},"excerpt":{"rendered":"<p>Redacci\u00f3n\/Zona Roja. Oaxaca de Ju\u00e1rez, Oax., 18 de octubre de 2021.- En dos hechos distintos,&hellip;<\/p>\n","protected":false},"author":2,"featured_media":33305,"comment_status":"closed","ping_status":"open","sticky":false,"template":"","format":"standard","meta":{"_lmt_disableupdate":"","_lmt_disable":"","_jetpack_memberships_contains_paid_content":false,"footnotes":""},"categories":[109,47],"tags":[1616],"class_list":["post-33304","post","type-post","status-publish","format-standard","has-post-thumbnail","hentry","category-minuto-a-minuto","category-zona-gris","tag-san-jose-chiltepec"],"jetpack_featured_media_url":"https:\/\/zonaroja.com.mx\/wp-content\/uploads\/2021\/10\/Retenidos-San-Marcos-zacatepec.jpg","jetpack_sharing_enabled":true,"_links":{"self":[{"href":"https:\/\/zonaroja.com.mx\/index.php?rest_route=\/wp\/v2\/posts\/33304","targetHints":{"allow":["GET"]}}],"collection":[{"href":"https:\/\/zonaroja.com.mx\/index.php?rest_route=\/wp\/v2\/posts"}],"about":[{"href":"https:\/\/zonaroja.com.mx\/index.php?rest_route=\/wp\/v2\/types\/post"}],"author":[{"embeddable":true,"href":"https:\/\/zonaroja.com.mx\/index.php?rest_route=\/wp\/v2\/users\/2"}],"replies":[{"embeddable":true,"href":"https:\/\/zonaroja.com.mx\/index.php?rest_route=%2Fwp%2Fv2%2Fcomments&post=33304"}],"version-history":[{"count":1,"href":"https:\/\/zonaroja.com.mx\/index.php?rest_route=\/wp\/v2\/posts\/33304\/revisions"}],"predecessor-version":[{"id":33306,"href":"https:\/\/zonaroja.com.mx\/index.php?rest_route=\/wp\/v2\/posts\/33304\/revisions\/33306"}],"wp:featuredmedia":[{"embeddable":true,"href":"https:\/\/zonaroja.com.mx\/index.php?rest_route=\/wp\/v2\/media\/33305"}],"wp:attachment":[{"href":"https:\/\/zonaroja.com.mx\/index.php?rest_route=%2Fwp%2Fv2%2Fmedia&parent=33304"}],"wp:term":[{"taxonomy":"category","embeddable":true,"href":"https:\/\/zonaroja.com.mx\/index.php?rest_route=%2Fwp%2Fv2%2Fcategories&post=33304"},{"taxonomy":"post_tag","embeddable":true,"href":"https:\/\/zonaroja.com.mx\/index.php?rest_route=%2Fwp%2Fv2%2Ftags&post=33304"}],"curies":[{"name":"wp","href":"https:\/\/api.w.org\/{rel}","templated":true}]}}