{"id":3332,"date":"2019-08-23T18:00:08","date_gmt":"2019-08-23T23:00:08","guid":{"rendered":"http:\/\/www.zonaroja.com.mx\/?p=3332"},"modified":"2019-08-23T18:00:10","modified_gmt":"2019-08-23T23:00:10","slug":"ikoots-denuncian-destruccion-de-centro-comunitario-en-san-mateo-del-mar","status":"publish","type":"post","link":"https:\/\/zonaroja.com.mx\/?p=3332","title":{"rendered":"Ikoots denuncian destrucci\u00f3n de centro comunitario en San Mateo del Mar"},"content":{"rendered":"\n<p>Evlin\nArag\u00f3n\/Zona Roja.<\/p>\n\n\n\n<p>Oaxaca de\nJu\u00e1rez, Oax., 23 de agosto de 2019.- Integrantes del Espacio de Encuentro de\nlas Culturas Originarias de San Mateo del Mar, denunciaron hoy la destrucci\u00f3n\ndel centro comunitario habilitado en la zona, luego de los sismos que azotaron\na la regi\u00f3n del Istmo de Tehuantepec en septiembre del 2017.<\/p>\n\n\n\n<p>Mediante un\ncomunicado, exigieron a las autoridades de procuraci\u00f3n de justicia que inicien\nuna investigaci\u00f3n exhaustiva, que permita dar con los responsables de los\nhechos y se garantice la seguridad de las personas y organizaciones que\ntrabajan en la localidad. <\/p>\n\n\n\n<p>Explicaron\nque personas desconocidas prendieron fuego al sitio, consumiendo por completo\nel esfuerzo colectivo, destruyendo un espacio de aprendizaje, de intercambio de\nsaberes, de construcci\u00f3n de sue\u00f1os colectivos y encuentro, sobre todo de\nmujeres, ni\u00f1as y ni\u00f1os.&nbsp; <\/p>\n\n\n\n<p>\u201cQuisieron\nquitarle a la gente la posibilidad de tener un espacio digno para su autodesarrollo\u201d,\ncita el documento difundido en el recordaron que fue el esfuerzo,\nprincipalmente de las mujeres, el que consolid\u00f3 la creaci\u00f3n del espacio que\nellas mismas dirig\u00edan.<\/p>\n\n\n\n<p>Se\u00f1alaron que\nel centro fue construido con el apoyo de Johnson &amp; Johnson, Fondo\nLevantaremos M\u00e9xico, Ambulante y Fundaci\u00f3n Merced, con el prop\u00f3sito de dar\ncobijo para el desarrollo infantil, la cultura, la salud materna y el\ndesarrollo comunitario integral.<\/p>\n\n\n\n<p>A la par que\naseguraron que lo volver\u00e1n a construir, para lo cual solicitaron el apoyo y\nrespaldo de las personas en general y organizaciones que quieran sumarse al\nesfuerzo en beneficio de la comunidad Ikoot de San Mateo del Mar.<\/p>\n","protected":false},"excerpt":{"rendered":"<p>Evlin Arag\u00f3n\/Zona Roja. Oaxaca de Ju\u00e1rez, Oax., 23 de agosto de 2019.- Integrantes del Espacio&hellip;<\/p>\n","protected":false},"author":2,"featured_media":3333,"comment_status":"closed","ping_status":"open","sticky":false,"template":"","format":"standard","meta":{"_lmt_disableupdate":"","_lmt_disable":"","_jetpack_memberships_contains_paid_content":false,"footnotes":""},"categories":[109,51],"tags":[605],"class_list":["post-3332","post","type-post","status-publish","format-standard","has-post-thumbnail","hentry","category-minuto-a-minuto","category-zona-roja","tag-san-mateo-del-mar"],"jetpack_featured_media_url":"https:\/\/zonaroja.com.mx\/wp-content\/uploads\/2019\/08\/San-Mateo-del-Mar-2.png","jetpack_sharing_enabled":true,"_links":{"self":[{"href":"https:\/\/zonaroja.com.mx\/index.php?rest_route=\/wp\/v2\/posts\/3332","targetHints":{"allow":["GET"]}}],"collection":[{"href":"https:\/\/zonaroja.com.mx\/index.php?rest_route=\/wp\/v2\/posts"}],"about":[{"href":"https:\/\/zonaroja.com.mx\/index.php?rest_route=\/wp\/v2\/types\/post"}],"author":[{"embeddable":true,"href":"https:\/\/zonaroja.com.mx\/index.php?rest_route=\/wp\/v2\/users\/2"}],"replies":[{"embeddable":true,"href":"https:\/\/zonaroja.com.mx\/index.php?rest_route=%2Fwp%2Fv2%2Fcomments&post=3332"}],"version-history":[{"count":1,"href":"https:\/\/zonaroja.com.mx\/index.php?rest_route=\/wp\/v2\/posts\/3332\/revisions"}],"predecessor-version":[{"id":3334,"href":"https:\/\/zonaroja.com.mx\/index.php?rest_route=\/wp\/v2\/posts\/3332\/revisions\/3334"}],"wp:featuredmedia":[{"embeddable":true,"href":"https:\/\/zonaroja.com.mx\/index.php?rest_route=\/wp\/v2\/media\/3333"}],"wp:attachment":[{"href":"https:\/\/zonaroja.com.mx\/index.php?rest_route=%2Fwp%2Fv2%2Fmedia&parent=3332"}],"wp:term":[{"taxonomy":"category","embeddable":true,"href":"https:\/\/zonaroja.com.mx\/index.php?rest_route=%2Fwp%2Fv2%2Fcategories&post=3332"},{"taxonomy":"post_tag","embeddable":true,"href":"https:\/\/zonaroja.com.mx\/index.php?rest_route=%2Fwp%2Fv2%2Ftags&post=3332"}],"curies":[{"name":"wp","href":"https:\/\/api.w.org\/{rel}","templated":true}]}}