{"id":33325,"date":"2021-10-19T14:48:57","date_gmt":"2021-10-19T19:48:57","guid":{"rendered":"http:\/\/www.zonaroja.com.mx\/?p=33325"},"modified":"2021-10-19T14:48:59","modified_gmt":"2021-10-19T19:48:59","slug":"interponen-demanda-por-deudor-alimentario-contra-representante-del-pvem-en-oaxaca","status":"publish","type":"post","link":"https:\/\/zonaroja.com.mx\/?p=33325","title":{"rendered":"Interponen demanda por deudor alimentario contra representante del PVEM en Oaxaca"},"content":{"rendered":"\n<p>Evlin Arag\u00f3n\/Zona Roja.<\/p>\n\n\n\n<p>Oaxaca de Ju\u00e1rez, Oax., 19 de octubre de 2021.- El integrante del comit\u00e9 ejecutivo del Partido Verde Ecologista de M\u00e9xico (PVEM) en Oaxaca, Elpidio Altamirano L\u00f3pez, fue demandado formalmente ante el Poder Judicial del Estado como deudor alimentario. <\/p>\n\n\n\n<p>La semana pasada, el se\u00f1alado acudi\u00f3 a los Juzgados Familiares, acompa\u00f1ado de su actual pareja, para hacer evidente que no cuenta con una demanda formal que lo acredite como deudor alimentario y asegur\u00f3 que tiene un acuerdo verbal con la madre de su hijo Matheo.&nbsp;<\/p>\n\n\n\n<p>No obstante, este lunes su ex c\u00f3nyuge, Claudia C. N. G., acudi\u00f3 al juzgado y dio a conocer que se ha iniciado la respectiva denuncia de pensi\u00f3n alimenticia en contra del padre de su hijo.<\/p>\n\n\n\n<p>\u201cLas madres no mienten. Aqu\u00ed la demanda a @ElpidioJeal. Ahora s\u00ed, cuando nos vemos en los juzgados porque iremos todas y acompa\u00f1aremos a la madre. Ponga usted fecha, pero avise, porque no dependemos de su agenda\u201d, public\u00f3 la activista Diana Luz V\u00e1squez en sus redes sociales.&nbsp;<\/p>\n\n\n\n<p>Lo anterior ocasion\u00f3 que el pol\u00edtico oaxaque\u00f1o se enfrascara en una discusi\u00f3n con la activista mediante la plataforma de Twitter, en la cual mostr\u00f3 supuestos comprobantes de dep\u00f3sitos con lo que cumple con su responsabilidad, todos fechados en el 2020 y uno de ellos por la cantidad de 300 pesos.&nbsp;<\/p>\n\n\n\n<p>Tambi\u00e9n se evidenci\u00f3 la relaci\u00f3n que tiene el acusado de ser deudor alimentario con el senador Ra\u00fal Bola\u00f1os Cacho Cu\u00e9, hoy aspirante a la candidatura por la gubernatura del estado, a quien se\u00f1alaron de encubrir la violencia en contra de las mujeres y las infancias.&nbsp;<\/p>\n\n\n\n<p>\u201cUstedes imaginan un dep\u00f3sito de $300 pesos a una madre? Eso es ser un sinverg\u00fcenza @ElpidioJeal. Lo peor es que cobre como asesor en el senado con @RaulBCCue a quien la madre tambi\u00e9n ha solicitado ayuda y con su pacto patriarcal solo te encubre. Justificar convivencia es cobarde\u201d, refiere Diana Luz V\u00e1squez.<\/p>\n\n\n\n<p>As\u00ed mismo, asegur\u00f3 conocer el expediente completo de la madre, mismo que cuenta con todos y cada uno de los recibos de los pagos de su hijo, mientras que el padre no puede acreditar un ticket de despensa.&nbsp;<\/p>\n\n\n\n<p>Finalmente, la activista dio a conocer que lejos de asumir su responsabilidad como deudor alimentario, Elpidio Altamirano L\u00f3pez ha amenazado con demandar a las colectivas feministas por da\u00f1o moral, raz\u00f3n por la que retaron a encontrase en los juzgados.&nbsp;<\/p>\n\n\n\n<p>\u201cEl se\u00f1or @ElpidioJeal ha amenazado a las colectivas por \u2018Da\u00f1o moral\u2019. Primero hay que conocerla y tener un poquito. Aqu\u00ed estamos, cu\u00e1ndo diga en los juzgados con la madre\u201d, concluy\u00f3.&nbsp;<\/p>\n\n\n\n<p>Mientras que la abogada Alma Bautista Ramos cuestion\u00f3 que muchos varones justifican su irresponsabilidad bajo el argumento que no existe demanda alguna en su contra, cuando es debido a las amenazas que enfrentan las mujeres que no proceden legalmente.&nbsp;<\/p>\n\n\n\n<p>\u201cHay mucho chistosito que se justifica en \u2018nunca me demando\u2019 aunque no hayan dado un solo peso materialmente se escudan tras lo jur\u00eddico, muchas madres no demandan por las amenazas. Y eso no los salva de ser deudores\u201d, dijo en sus redes.&nbsp;<\/p>\n","protected":false},"excerpt":{"rendered":"<p>Evlin Arag\u00f3n\/Zona Roja. Oaxaca de Ju\u00e1rez, Oax., 19 de octubre de 2021.- El integrante del&hellip;<\/p>\n","protected":false},"author":2,"featured_media":33326,"comment_status":"closed","ping_status":"open","sticky":false,"template":"","format":"standard","meta":{"_lmt_disableupdate":"","_lmt_disable":"","_jetpack_memberships_contains_paid_content":false,"footnotes":""},"categories":[109,47],"tags":[2915],"class_list":["post-33325","post","type-post","status-publish","format-standard","has-post-thumbnail","hentry","category-minuto-a-minuto","category-zona-gris","tag-elpidio-altamirano-lopez"],"jetpack_featured_media_url":"https:\/\/zonaroja.com.mx\/wp-content\/uploads\/2021\/10\/Deudor-Elpidio-Altamirano.jpg","jetpack_sharing_enabled":true,"_links":{"self":[{"href":"https:\/\/zonaroja.com.mx\/index.php?rest_route=\/wp\/v2\/posts\/33325","targetHints":{"allow":["GET"]}}],"collection":[{"href":"https:\/\/zonaroja.com.mx\/index.php?rest_route=\/wp\/v2\/posts"}],"about":[{"href":"https:\/\/zonaroja.com.mx\/index.php?rest_route=\/wp\/v2\/types\/post"}],"author":[{"embeddable":true,"href":"https:\/\/zonaroja.com.mx\/index.php?rest_route=\/wp\/v2\/users\/2"}],"replies":[{"embeddable":true,"href":"https:\/\/zonaroja.com.mx\/index.php?rest_route=%2Fwp%2Fv2%2Fcomments&post=33325"}],"version-history":[{"count":1,"href":"https:\/\/zonaroja.com.mx\/index.php?rest_route=\/wp\/v2\/posts\/33325\/revisions"}],"predecessor-version":[{"id":33327,"href":"https:\/\/zonaroja.com.mx\/index.php?rest_route=\/wp\/v2\/posts\/33325\/revisions\/33327"}],"wp:featuredmedia":[{"embeddable":true,"href":"https:\/\/zonaroja.com.mx\/index.php?rest_route=\/wp\/v2\/media\/33326"}],"wp:attachment":[{"href":"https:\/\/zonaroja.com.mx\/index.php?rest_route=%2Fwp%2Fv2%2Fmedia&parent=33325"}],"wp:term":[{"taxonomy":"category","embeddable":true,"href":"https:\/\/zonaroja.com.mx\/index.php?rest_route=%2Fwp%2Fv2%2Fcategories&post=33325"},{"taxonomy":"post_tag","embeddable":true,"href":"https:\/\/zonaroja.com.mx\/index.php?rest_route=%2Fwp%2Fv2%2Ftags&post=33325"}],"curies":[{"name":"wp","href":"https:\/\/api.w.org\/{rel}","templated":true}]}}