{"id":33338,"date":"2021-10-19T22:26:10","date_gmt":"2021-10-20T03:26:10","guid":{"rendered":"http:\/\/www.zonaroja.com.mx\/?p=33338"},"modified":"2021-10-19T22:26:13","modified_gmt":"2021-10-20T03:26:13","slug":"obras-de-ciclovias-no-se-pararan-se-dialoga-con-vecinos-inconformes-semovi","status":"publish","type":"post","link":"https:\/\/zonaroja.com.mx\/?p=33338","title":{"rendered":"Obras de ciclov\u00edas no se parar\u00e1n; se dialoga con vecinos inconformes: Semovi"},"content":{"rendered":"\n<p>Redacci\u00f3n\/Zona Roja.<\/p>\n\n\n\n<p>Oaxaca de Ju\u00e1rez, Oax., 19 de octubre de 2021.- El proyecto de rehabilitaci\u00f3n y construcci\u00f3n de ciclov\u00edas en Oaxaca no se frenar\u00e1; es integral y contempla m\u00faltiples beneficios para la salud como para el ambiente.<\/p>\n\n\n\n<p>As\u00ed lo estableci\u00f3 la Secretar\u00eda de Movilidad (Semovi) del gobierno estatal, tras la queja de una veintena de vecinos de la colonia Reforma, que se oponen al carril confinado para las bicicletas en la colonia Reforma de la capital.<\/p>\n\n\n\n<p>\u201cSe busca una infraestructura eficiente que requiere Oaxaca, para una seguridad ciclista y para el peat\u00f3n; contempla adem\u00e1s la se\u00f1alizaci\u00f3n de los pasos peatonales, la rehabilitaci\u00f3n y sincronizaci\u00f3n de sem\u00e1foros y acciones de concientizaci\u00f3n y respeto a los ciclistas\u201d, dijo el titular de la dependencia, Arturo L\u00f3pez Sorroza.<\/p>\n\n\n\n<p>En conferencia de prensa, a\u00f1adi\u00f3 que ser\u00e1n en total 15 kil\u00f3metros de vialidades de este tipo y que en coordinaci\u00f3n con la Secretar\u00eda de Desarrollo Agrario, Territorial&nbsp; y Urbanon (Sedatu), se aplican 15 millones de pesos; se prev\u00e9n concluir a m\u00e1s tardar en diciembre.<\/p>\n\n\n\n<p>Precis\u00f3 que dentro del proceso de desarrollo del proyecto, se ha tenido la asesor\u00eda de expertos en la materia y desde hace dos a\u00f1os se ha consensuado con asociaciones de ciclistas y la sociedad.<\/p>\n\n\n\n<figure class=\"wp-block-embed-twitter wp-block-embed is-type-rich is-provider-twitter\"><div class=\"wp-block-embed__wrapper\">\n<div class=\"twitter-tweet\"><blockquote class=\"twitter-tweet\" data-lang=\"es\"><p lang=\"es\" dir=\"ltr\"><a href=\"https:\/\/twitter.com\/hashtag\/%C3%9AltimoMinuto?src=hash&amp;ref_src=twsrc%5Etfw\">#\u00daltimoMinuto<\/a> <br>En la conferencia, el titular de la <a href=\"https:\/\/twitter.com\/SEMOVI_GobOax?ref_src=twsrc%5Etfw\">@SEMOVI_GobOax<\/a>, <a href=\"https:\/\/twitter.com\/LOPEZSORROZA?ref_src=twsrc%5Etfw\">@LOPEZSORROZA<\/a>,precis\u00f3 que los trabajos de rehabilitaci\u00f3n y construcci\u00f3n de ciclov\u00edas en la capital y zona conurbada no se detienen.<br>Adem\u00e1s se dialoga y escucha a vecinos de la zona con el fin de alcanzar acuerdos. <a href=\"https:\/\/t.co\/7oou8bxaDv\">pic.twitter.com\/7oou8bxaDv<\/a><\/p>&mdash; Zona Roja Oaxaca (@Zona_Roja_Oax) <a href=\"https:\/\/twitter.com\/Zona_Roja_Oax\/status\/1450640406031568903?ref_src=twsrc%5Etfw\">20 de octubre de 2021<\/a><\/blockquote><\/div>\n<\/div><\/figure>\n\n\n\n<p>\u201cLo que buscamos es que m\u00e1s gente se una a este tipo de medio de transporte, que es m\u00e1s amigable con el medio ambiente, con la salud; sobre todo, en tiempo de pandemia mucha gente tiene temor de subirse a un transporte p\u00fablico por el mismo riesgo de contagio\u201d, precis\u00f3 L\u00f3pez Sorroza.<\/p>\n\n\n\n<p>Y es que por la ma\u00f1ana, a un costado del mercado \u201cHidalgo\u201d de la colonia Reforma, un grupo de vecinos se inconform\u00f3 porque la colocaci\u00f3n de la ciclov\u00eda en la calle Amapolas les impide la dotaci\u00f3n de servicios como el gas y el agua.<\/p>\n\n\n\n<p>Se\u00f1alaron que la bicicleta s\u00f3lo se usa como medio de distracci\u00f3n m\u00e1s no de transporte y que poca gente utiliza ese medio de traslado.<\/p>\n\n\n\n<p>A la conferencia arrib\u00f3 un ciclista, Enrique de Esesarte, quien dio sus puntos de vista sobre el uso de la bicicleta, pero fue increpado por los vecinos e incluso pretend\u00edan correrlo de la zona; no obstante, se mantuvo firme y defendi\u00f3 el proyecto de las ciclov\u00edas como el uso de la bicicleta.<\/p>\n","protected":false},"excerpt":{"rendered":"<p>Redacci\u00f3n\/Zona Roja. Oaxaca de Ju\u00e1rez, Oax., 19 de octubre de 2021.- El proyecto de rehabilitaci\u00f3n&hellip;<\/p>\n","protected":false},"author":2,"featured_media":33339,"comment_status":"closed","ping_status":"open","sticky":false,"template":"","format":"standard","meta":{"_lmt_disableupdate":"","_lmt_disable":"","_jetpack_memberships_contains_paid_content":false,"footnotes":""},"categories":[109,46],"tags":[2484],"class_list":["post-33338","post","type-post","status-publish","format-standard","has-post-thumbnail","hentry","category-minuto-a-minuto","category-zona-blanca","tag-secretaria-de-movilidad-semovi"],"jetpack_featured_media_url":"https:\/\/zonaroja.com.mx\/wp-content\/uploads\/2021\/10\/Conferencia-de-prensa-Secretaria-de-Movilidd.jpg","jetpack_sharing_enabled":true,"_links":{"self":[{"href":"https:\/\/zonaroja.com.mx\/index.php?rest_route=\/wp\/v2\/posts\/33338","targetHints":{"allow":["GET"]}}],"collection":[{"href":"https:\/\/zonaroja.com.mx\/index.php?rest_route=\/wp\/v2\/posts"}],"about":[{"href":"https:\/\/zonaroja.com.mx\/index.php?rest_route=\/wp\/v2\/types\/post"}],"author":[{"embeddable":true,"href":"https:\/\/zonaroja.com.mx\/index.php?rest_route=\/wp\/v2\/users\/2"}],"replies":[{"embeddable":true,"href":"https:\/\/zonaroja.com.mx\/index.php?rest_route=%2Fwp%2Fv2%2Fcomments&post=33338"}],"version-history":[{"count":1,"href":"https:\/\/zonaroja.com.mx\/index.php?rest_route=\/wp\/v2\/posts\/33338\/revisions"}],"predecessor-version":[{"id":33340,"href":"https:\/\/zonaroja.com.mx\/index.php?rest_route=\/wp\/v2\/posts\/33338\/revisions\/33340"}],"wp:featuredmedia":[{"embeddable":true,"href":"https:\/\/zonaroja.com.mx\/index.php?rest_route=\/wp\/v2\/media\/33339"}],"wp:attachment":[{"href":"https:\/\/zonaroja.com.mx\/index.php?rest_route=%2Fwp%2Fv2%2Fmedia&parent=33338"}],"wp:term":[{"taxonomy":"category","embeddable":true,"href":"https:\/\/zonaroja.com.mx\/index.php?rest_route=%2Fwp%2Fv2%2Fcategories&post=33338"},{"taxonomy":"post_tag","embeddable":true,"href":"https:\/\/zonaroja.com.mx\/index.php?rest_route=%2Fwp%2Fv2%2Ftags&post=33338"}],"curies":[{"name":"wp","href":"https:\/\/api.w.org\/{rel}","templated":true}]}}