{"id":33362,"date":"2021-10-20T17:24:56","date_gmt":"2021-10-20T22:24:56","guid":{"rendered":"http:\/\/www.zonaroja.com.mx\/?p=33362"},"modified":"2021-10-20T17:24:59","modified_gmt":"2021-10-20T22:24:59","slug":"oswaldo-garcia-jarquin-el-edil-peor-evaluado-en-mexico","status":"publish","type":"post","link":"https:\/\/zonaroja.com.mx\/?p=33362","title":{"rendered":"Oswaldo Garc\u00eda Jarqu\u00edn, el edil peor evaluado en M\u00e9xico"},"content":{"rendered":"\n<p>Evlin Arag\u00f3n\/Zona Roja.<\/p>\n\n\n\n<p>Oaxaca de Ju\u00e1rez, Oax., 20 de octubre de 2021.- El presidente municipal de Oaxaca de Ju\u00e1rez, Oswaldo Garc\u00eda Jarqu\u00edn, result\u00f3 ser el peor evaluado de una lista de 103 ediles de M\u00e9xico, en la reciente encuesta telef\u00f3nica elaborada por Massive Caller, con fecha del 18 de octubre.&nbsp;&nbsp;<\/p>\n\n\n\n<p>Los datos que incluyen a las autoridades de las principales ciudades del pa\u00eds, ubican al morenista en la \u00faltima posici\u00f3n de la lista con un 9.6 por ciento de aprobaci\u00f3n ciudadana.&nbsp;&nbsp;<\/p>\n\n\n\n<p>En el fondo de la lista acompa\u00f1an al edil capitalino los representantes de los municipios de Villahermosa, Tabasco; Cuernavaca, Morelos; Tehuac\u00e1n, Puebla; y Chalco, Estado de M\u00e9xico; Evaristo Hern\u00e1ndez, Antonio Villalobos Ad\u00e1n, Pedro Tepole Hern\u00e1ndez y Jos\u00e9 Miguel Guti\u00e9rrez Morales, respectivamente.&nbsp;&nbsp;<\/p>\n\n\n\n<p>As\u00ed mismo, el edil capitalino result\u00f3 reprobado y en el pen\u00faltimo lugar de la lista en cuanto al nivel de confianza, donde solo alcanz\u00f3 un ocho por ciento de percepci\u00f3n a favor.&nbsp;<\/p>\n\n\n\n<p>Lo anterior s\u00f3lo por debajo del gobernante de Villahermosa Tabasco quien junto con el de Oaxaca capital se encuentran nuevamente en el fondo de la encuesta, ahora en el rubro de confianza.&nbsp;&nbsp;<\/p>\n\n\n\n<p>Pese a lo anterior la capital oaxaque\u00f1a se ubica en el puesto n\u00famero 13 de los municipios con menor percepci\u00f3n de inseguridad por parte de las y los ciudadanos, al registrar un porcentaje de 25.7.&nbsp;&nbsp;<\/p>\n\n\n\n<p>La edil mejor evaluada en cuanto a aprobaci\u00f3n es Mar\u00eda Geraldine Ponce M\u00e9ndez, de Tepic Nayarit, con un 71.3 por ciento, lo cual da cuenta del bajo porcentaje que registra el gobernante oaxaque\u00f1o.&nbsp;&nbsp;<\/p>\n\n\n\n<p>Recientemente, Oswaldo Garc\u00eda Jarqu\u00edn dio a conocer su aspiraci\u00f3n a encabezar la candidatura a la gubernatura de Oaxaca por Morena, situaci\u00f3n que le vali\u00f3 una serie de cr\u00edticas, toda vez que desde hace meses se le ha se\u00f1alado su omisi\u00f3n en las diversas problem\u00e1ticas que enfrenta la capital.&nbsp;&nbsp;<\/p>\n\n\n\n<p>Dentro de los principales temas en lo que ha sido se\u00f1alado se encuentran la inseguridad, las p\u00e9simas condiciones en las que se encuentran las vialidades, el comercio ambulante y las deficiencias en el servicio de recolecci\u00f3n de basura, est\u00e1 \u00faltima le vali\u00f3 el paro de labores del personal de limpia y una serie de protestas que pusieron en jaque a la poblaci\u00f3n en general.&nbsp;&nbsp;&nbsp;<\/p>\n\n\n\n<p>La encuesta, publicada por Massive Caller, pone en evidencia que al menos los siete \u00faltimos lugares en aprobaci\u00f3n ciudadana son ocupados por ediles morenistas; mientras que los que cuentan con una mejor imagen ante la sociedad son, en su mayor\u00eda, quienes representan al partido Acci\u00f3n Nacional.&nbsp;&nbsp;<\/p>\n","protected":false},"excerpt":{"rendered":"<p>Evlin Arag\u00f3n\/Zona Roja. Oaxaca de Ju\u00e1rez, Oax., 20 de octubre de 2021.- El presidente municipal&hellip;<\/p>\n","protected":false},"author":2,"featured_media":33363,"comment_status":"closed","ping_status":"open","sticky":false,"template":"","format":"standard","meta":{"_lmt_disableupdate":"","_lmt_disable":"","_jetpack_memberships_contains_paid_content":false,"footnotes":""},"categories":[109,47],"tags":[115],"class_list":["post-33362","post","type-post","status-publish","format-standard","has-post-thumbnail","hentry","category-minuto-a-minuto","category-zona-gris","tag-oswaldo-garcia-jarquin"],"jetpack_featured_media_url":"https:\/\/zonaroja.com.mx\/wp-content\/uploads\/2021\/10\/Masive-Caller-Oaxaca-de-Juarez.jpg","jetpack_sharing_enabled":true,"_links":{"self":[{"href":"https:\/\/zonaroja.com.mx\/index.php?rest_route=\/wp\/v2\/posts\/33362","targetHints":{"allow":["GET"]}}],"collection":[{"href":"https:\/\/zonaroja.com.mx\/index.php?rest_route=\/wp\/v2\/posts"}],"about":[{"href":"https:\/\/zonaroja.com.mx\/index.php?rest_route=\/wp\/v2\/types\/post"}],"author":[{"embeddable":true,"href":"https:\/\/zonaroja.com.mx\/index.php?rest_route=\/wp\/v2\/users\/2"}],"replies":[{"embeddable":true,"href":"https:\/\/zonaroja.com.mx\/index.php?rest_route=%2Fwp%2Fv2%2Fcomments&post=33362"}],"version-history":[{"count":1,"href":"https:\/\/zonaroja.com.mx\/index.php?rest_route=\/wp\/v2\/posts\/33362\/revisions"}],"predecessor-version":[{"id":33364,"href":"https:\/\/zonaroja.com.mx\/index.php?rest_route=\/wp\/v2\/posts\/33362\/revisions\/33364"}],"wp:featuredmedia":[{"embeddable":true,"href":"https:\/\/zonaroja.com.mx\/index.php?rest_route=\/wp\/v2\/media\/33363"}],"wp:attachment":[{"href":"https:\/\/zonaroja.com.mx\/index.php?rest_route=%2Fwp%2Fv2%2Fmedia&parent=33362"}],"wp:term":[{"taxonomy":"category","embeddable":true,"href":"https:\/\/zonaroja.com.mx\/index.php?rest_route=%2Fwp%2Fv2%2Fcategories&post=33362"},{"taxonomy":"post_tag","embeddable":true,"href":"https:\/\/zonaroja.com.mx\/index.php?rest_route=%2Fwp%2Fv2%2Ftags&post=33362"}],"curies":[{"name":"wp","href":"https:\/\/api.w.org\/{rel}","templated":true}]}}