{"id":33365,"date":"2021-10-20T17:39:36","date_gmt":"2021-10-20T22:39:36","guid":{"rendered":"http:\/\/www.zonaroja.com.mx\/?p=33365"},"modified":"2021-10-20T17:39:47","modified_gmt":"2021-10-20T22:39:47","slug":"se-congratula-titular-de-ieepo-ser-considerado-dentro-de-aspirantes-a-la-gubernatura","status":"publish","type":"post","link":"https:\/\/zonaroja.com.mx\/?p=33365","title":{"rendered":"Se congratula titular de IEEPO ser considerado dentro de aspirantes a la gubernatura"},"content":{"rendered":"\n<p>Evlin Arag\u00f3n\/Zona Roja.<\/p>\n\n\n\n<p>Oaxaca de Ju\u00e1rez, Oax., 20 de octubre de 2021.- Francisco \u00c1ngel Villarreal, titular del Instituto Estatal de Educaci\u00f3n P\u00fablica de Oaxaca (IEEPO), celebr\u00f3 haber sido considerado como un posible aspirante a la candidatura por la gubernatura en el Partido Revolucionario Institucional (PRI), de donde es militante, o en su caso por alguna coalici\u00f3n.&nbsp;<\/p>\n\n\n\n<p>Lo anterior luego de las declaraciones que hiciera el mandatario estatal, Alejandro Murat Hinojosa, donde nombr\u00f3 una serie de nombres con posibilidades de competir en la contienda electoral, y en donde destac\u00f3 al actual responsable de la pol\u00edtica educativa oaxaque\u00f1a.&nbsp;<\/p>\n\n\n\n<p>\u201cLa menci\u00f3n es muy importante. Para m\u00ed, es muy afortunado que quien manda en el estado que es el gobernador Alejandro Murat haya tomado en consideraci\u00f3n mi nombre y mi desempe\u00f1o al frente del IEEPO para mencionarme como un posible aspirante a sucederlo en el gobierno de Oaxaca\u201d, dijo en entrevista con los medios de comunicaci\u00f3n.&nbsp;<\/p>\n\n\n\n<p>Aunque reconoci\u00f3 que a\u00fan no es el momento para destapar aspiraciones, ser\u00e1 en cuanto la ley lo permita que anunciar\u00e1 su decisi\u00f3n de participar o no, adelantando que evidentemente ser\u00eda por el partido en el que ha militado durante toda su vida, aunque implique una coalici\u00f3n.&nbsp;<\/p>\n\n\n\n<p>El funcionario detall\u00f3 que su decisi\u00f3n no depender\u00e1 de un deseo personal, sino de una intenci\u00f3n de compartir una propuesta integral con la ciudadana en beneficio de la entidad y su gente.&nbsp;<\/p>\n\n\n\n<p>\u201cLa pol\u00edtica no es un deseo, son circunstancias y determinaciones. Yo lo que quiero hacerle a la ciudadan\u00eda es una propuesta de una visi\u00f3n de Oaxaca que yo quisiera que todos comparti\u00e9ramos\u201d, indic\u00f3.&nbsp;<\/p>\n\n\n\n<p>En este mismo sentido, Francisco \u00c1ngel Villarreal asegur\u00f3 que la entidad requiere gobernantes con madurez en la toma de decisiones, y con el conocimiento del perfecto equilibrio entre la tolerancia y el respeto a la ley a fin de dar atenci\u00f3n a las problem\u00e1ticas actuales.&nbsp;<\/p>\n\n\n\n<p>\u201cTodos queremos que las mujeres no sufran de acoso en las oficinas y en la vida diaria, acabar con los feminicidios, que las y los j\u00f3venes tengan oportunidades para su desarrollo personal, entre otras cosas en las que hay que trabajar\u00bb, manifest\u00f3.<\/p>\n\n\n\n<p>Finalmente, reiter\u00f3 que se mantendr\u00e1 respetuoso de la ley; a la par que record\u00f3 que durante m\u00e1s de 37 a\u00f1os consecutivos se ha desempe\u00f1ado en el \u00e1mbito pol\u00edtico en donde dijo ha demostrado su capacidad administrativa y de liderazgo en las \u00e1reas en las que ha estado al frente.<\/p>\n","protected":false},"excerpt":{"rendered":"<p>Evlin Arag\u00f3n\/Zona Roja. Oaxaca de Ju\u00e1rez, Oax., 20 de octubre de 2021.- Francisco \u00c1ngel Villarreal,&hellip;<\/p>\n","protected":false},"author":2,"featured_media":33366,"comment_status":"closed","ping_status":"open","sticky":false,"template":"","format":"standard","meta":{"_lmt_disableupdate":"","_lmt_disable":"","_jetpack_memberships_contains_paid_content":false,"footnotes":""},"categories":[109,46],"tags":[2837],"class_list":["post-33365","post","type-post","status-publish","format-standard","has-post-thumbnail","hentry","category-minuto-a-minuto","category-zona-blanca","tag-instituto-estatal-de-educacion-publica-de-oaxaca-ieepo"],"jetpack_featured_media_url":"https:\/\/zonaroja.com.mx\/wp-content\/uploads\/2021\/10\/Francisco-Angel-Villarreal.jpg","jetpack_sharing_enabled":true,"_links":{"self":[{"href":"https:\/\/zonaroja.com.mx\/index.php?rest_route=\/wp\/v2\/posts\/33365","targetHints":{"allow":["GET"]}}],"collection":[{"href":"https:\/\/zonaroja.com.mx\/index.php?rest_route=\/wp\/v2\/posts"}],"about":[{"href":"https:\/\/zonaroja.com.mx\/index.php?rest_route=\/wp\/v2\/types\/post"}],"author":[{"embeddable":true,"href":"https:\/\/zonaroja.com.mx\/index.php?rest_route=\/wp\/v2\/users\/2"}],"replies":[{"embeddable":true,"href":"https:\/\/zonaroja.com.mx\/index.php?rest_route=%2Fwp%2Fv2%2Fcomments&post=33365"}],"version-history":[{"count":1,"href":"https:\/\/zonaroja.com.mx\/index.php?rest_route=\/wp\/v2\/posts\/33365\/revisions"}],"predecessor-version":[{"id":33367,"href":"https:\/\/zonaroja.com.mx\/index.php?rest_route=\/wp\/v2\/posts\/33365\/revisions\/33367"}],"wp:featuredmedia":[{"embeddable":true,"href":"https:\/\/zonaroja.com.mx\/index.php?rest_route=\/wp\/v2\/media\/33366"}],"wp:attachment":[{"href":"https:\/\/zonaroja.com.mx\/index.php?rest_route=%2Fwp%2Fv2%2Fmedia&parent=33365"}],"wp:term":[{"taxonomy":"category","embeddable":true,"href":"https:\/\/zonaroja.com.mx\/index.php?rest_route=%2Fwp%2Fv2%2Fcategories&post=33365"},{"taxonomy":"post_tag","embeddable":true,"href":"https:\/\/zonaroja.com.mx\/index.php?rest_route=%2Fwp%2Fv2%2Ftags&post=33365"}],"curies":[{"name":"wp","href":"https:\/\/api.w.org\/{rel}","templated":true}]}}