{"id":33368,"date":"2021-10-20T20:26:57","date_gmt":"2021-10-21T01:26:57","guid":{"rendered":"http:\/\/www.zonaroja.com.mx\/?p=33368"},"modified":"2021-10-20T20:27:02","modified_gmt":"2021-10-21T01:27:02","slug":"piden-descartar-feminicidos-en-supuesto-suicidio-de-dos-ninas-en-oaxaca","status":"publish","type":"post","link":"https:\/\/zonaroja.com.mx\/?p=33368","title":{"rendered":"Piden descartar feminicidos en supuesto suicidio de dos ni\u00f1as en Oaxaca"},"content":{"rendered":"\n<p>Redacci\u00f3n\/Zona Roja.<\/p>\n\n\n\n<p>Oaxaca de Ju\u00e1rez, Oax., 20 de octubre de 2021.- \u201cAdem\u00e1s de ser un hecho profundamente indignante, el presunto suicidio de Sinachi y Zoe, dos ni\u00f1as de 11 y 9 a\u00f1os, cuyos cuerpos fueron encontrados sin vida la madrugada de este mi\u00e9rcoles en la agencia de San Mart\u00edn Mexicapam, del municipio de Oaxaca de Ju\u00e1rez, representa un llamado de atenci\u00f3n urgente ante el riesgo de que las personas agresoras intenten simular un suicidio para encubrir actos de feminicidio\u201d.<\/p>\n\n\n\n<p>As\u00ed lo consider\u00f3 la asociaci\u00f3n civil Grupo de Estudios Sobre la Mujer \u201cRosario Castellanos\u201d (GES Mujer), que llam\u00f3 a la Fiscal\u00eda General del Estado de Oaxaca para que atienda la resoluci\u00f3n de la Suprema Corte de Justicia de la Naci\u00f3n, sentencia 554\/2013, donde indica que absolutamente \u00abtodas las muertes violentas de ni\u00f1as y mujeres deben investigarse como feminicidio con perspectiva de g\u00e9nero\u00bb.<\/p>\n\n\n\n<p>\u201cDesde el movimiento feminista, del cual somos parte, hemos posicionado la gravedad de la violencia de g\u00e9nero que existe en Oaxaca. una violencia que se expresa en todas sus formas, tanto f\u00edsica, psicol\u00f3gica, sexual y econ\u00f3mica, como en todos los \u00e1mbitos, desde el familiar, escolar, laboral comunitario y social, siendo la m\u00e1s extrema la violencia feminicida\u201d, detall\u00f3 en un comunicado.<\/p>\n\n\n\n<p>Detallo que, de acuerdo con nuestro monitoreo de violencia feminicida, en este a\u00f1o han ocurrido otros dos presuntos suicidios de menores de 18 a\u00f1os; hasta el momento son cuatro ni\u00f1as y adolescentes que han perdido la vida de manera violenta, adem\u00e1s de cinco mujeres entre 19 y 44 a\u00f1os. En total hay nueve casos que deben ser investigados bajo el protocolo de feminicidio, agreg\u00f3.<\/p>\n\n\n\n<p>Sin considerar los casos registrados como suicidio, en este 2021 suman 72 mujeres, adolescentes, ni\u00f1as y una beb\u00e9 que han sido asesinadas de manera violenta, por lo que es sumamente preocupante que actos de violencia extrema pudieran estar ocultos, agreg\u00f3 GES Mujer.<\/p>\n\n\n\n<p>A\u00f1adi\u00f3 que corresponde a la Fiscal\u00eda General del Estado de Oaxaca investigar cada uno de esos casos, porque desafortunadamente existen antecedentes como el de Fany, ocurrido en septiembre pasado en la agencia El Porvenir del municipio istme\u00f1o de Juchit\u00e1n de Zaragoza, el cual tambi\u00e9n se registr\u00f3 inicialmente como suicidio, cuando en realidad se trat\u00f3 de un feminicidio.<\/p>\n","protected":false},"excerpt":{"rendered":"<p>Redacci\u00f3n\/Zona Roja. Oaxaca de Ju\u00e1rez, Oax., 20 de octubre de 2021.- \u201cAdem\u00e1s de ser un&hellip;<\/p>\n","protected":false},"author":2,"featured_media":33369,"comment_status":"closed","ping_status":"open","sticky":false,"template":"","format":"standard","meta":{"_lmt_disableupdate":"","_lmt_disable":"","_jetpack_memberships_contains_paid_content":false,"footnotes":""},"categories":[109,47],"tags":[524],"class_list":["post-33368","post","type-post","status-publish","format-standard","has-post-thumbnail","hentry","category-minuto-a-minuto","category-zona-gris","tag-ges-mujer"],"jetpack_featured_media_url":"https:\/\/zonaroja.com.mx\/wp-content\/uploads\/2021\/10\/Feminicidios-suicidios-menores-Oaxaca.jpg","jetpack_sharing_enabled":true,"_links":{"self":[{"href":"https:\/\/zonaroja.com.mx\/index.php?rest_route=\/wp\/v2\/posts\/33368","targetHints":{"allow":["GET"]}}],"collection":[{"href":"https:\/\/zonaroja.com.mx\/index.php?rest_route=\/wp\/v2\/posts"}],"about":[{"href":"https:\/\/zonaroja.com.mx\/index.php?rest_route=\/wp\/v2\/types\/post"}],"author":[{"embeddable":true,"href":"https:\/\/zonaroja.com.mx\/index.php?rest_route=\/wp\/v2\/users\/2"}],"replies":[{"embeddable":true,"href":"https:\/\/zonaroja.com.mx\/index.php?rest_route=%2Fwp%2Fv2%2Fcomments&post=33368"}],"version-history":[{"count":1,"href":"https:\/\/zonaroja.com.mx\/index.php?rest_route=\/wp\/v2\/posts\/33368\/revisions"}],"predecessor-version":[{"id":33370,"href":"https:\/\/zonaroja.com.mx\/index.php?rest_route=\/wp\/v2\/posts\/33368\/revisions\/33370"}],"wp:featuredmedia":[{"embeddable":true,"href":"https:\/\/zonaroja.com.mx\/index.php?rest_route=\/wp\/v2\/media\/33369"}],"wp:attachment":[{"href":"https:\/\/zonaroja.com.mx\/index.php?rest_route=%2Fwp%2Fv2%2Fmedia&parent=33368"}],"wp:term":[{"taxonomy":"category","embeddable":true,"href":"https:\/\/zonaroja.com.mx\/index.php?rest_route=%2Fwp%2Fv2%2Fcategories&post=33368"},{"taxonomy":"post_tag","embeddable":true,"href":"https:\/\/zonaroja.com.mx\/index.php?rest_route=%2Fwp%2Fv2%2Ftags&post=33368"}],"curies":[{"name":"wp","href":"https:\/\/api.w.org\/{rel}","templated":true}]}}