{"id":33372,"date":"2021-10-20T21:40:27","date_gmt":"2021-10-21T02:40:27","guid":{"rendered":"http:\/\/www.zonaroja.com.mx\/?p=33372"},"modified":"2021-10-20T21:40:31","modified_gmt":"2021-10-21T02:40:31","slug":"se-rebelan-comerciantes-de-oaxaca-ante-desidia-de-edil-garcia-jarquin","status":"publish","type":"post","link":"https:\/\/zonaroja.com.mx\/?p=33372","title":{"rendered":"Se rebelan comerciantes de Oaxaca, ante desidia de edil Garc\u00eda Jarqu\u00edn"},"content":{"rendered":"\n<p>Ismael Garc\u00eda M.\/Zona Roja.<\/p>\n\n\n\n<p>Oaxaca de Ju\u00e1rez, Oax., 20 de octubre de 2021.- Y cargaron con las pesadas estructuras met\u00e1licas para abrir calles. Entre dos cargaron una valla y colaboraron tambi\u00e9n las mujeres, algunas a\u00fan con mandiles.<\/p>\n\n\n\n<p>Al grito de: \u00a1Denle paso a los carros! \u00a1Denle paso a los carros! \u00a1Vamos a quitar las vallas! \u00a1La calle es libre!, quitaron las barreras, principalmente en la avenida Independencia, en el Centro Hist\u00f3rico.<\/p>\n\n\n\n<p>Hastiados de la desidia y nula atenci\u00f3n por parte del presidente municipal de Oaxaca de Ju\u00e1rez, Oswaldo Garc\u00eda Jarqu\u00edn, comerciantes del Centro Hist\u00f3rico se rebelaron y quitaron valles que imped\u00edan el paso vehicular.<\/p>\n\n\n\n<p>Fue poco despu\u00e9s de las 14:30 horas en que se comenzaron a concentrar unos 200 empresarios de distintos rubros y mercaderes, sobre la calle 20 de Noviembre, con la intenci\u00f3n de retirar a los vendedores ambulantes de diversas calles en que se instalaron desde hace casi tres meses.<\/p>\n\n\n\n<figure class=\"wp-block-embed-twitter wp-block-embed is-type-rich is-provider-twitter\"><div class=\"wp-block-embed__wrapper\">\n<div class=\"twitter-tweet\"><blockquote class=\"twitter-tweet\" data-lang=\"es\"><p lang=\"es\" dir=\"ltr\"><a href=\"https:\/\/twitter.com\/hashtag\/%C3%9AltimoMinuto?src=hash&amp;ref_src=twsrc%5Etfw\">#\u00daltimoMinuto<\/a> <br>Tras retirar las vallas de calles aleda\u00f1as, comerciantes del centro de la ciudad de <a href=\"https:\/\/twitter.com\/hashtag\/Oaxaca?src=hash&amp;ref_src=twsrc%5Etfw\">#Oaxaca<\/a> los llevan al z\u00f3calo, frente al Palacio de Gobierno.<br>La polic\u00eda municipal, solamente a la expectativa en inmediaciones. <a href=\"https:\/\/t.co\/yPgqymt3is\">pic.twitter.com\/yPgqymt3is<\/a><\/p>&mdash; Zona Roja Oaxaca (@Zona_Roja_Oax) <a href=\"https:\/\/twitter.com\/Zona_Roja_Oax\/status\/1450927526025445378?ref_src=twsrc%5Etfw\">20 de octubre de 2021<\/a><\/blockquote><\/div>\n<\/div><\/figure>\n\n\n\n<p>Sin embargo, optaron por marchar hacia la avenida Independencia y ah\u00ed retirar las vallas que imped\u00edan el paso a las unidades de motor; las rejas met\u00e1licas las trasladaron al z\u00f3calo, frente al Palacio de Gobierno, donde las apilaron.<\/p>\n\n\n\n<p>Sin ninguna resistencia policiaca, apilaron las estructuras met\u00e1licas, tras lo cual se retiraron.<\/p>\n\n\n\n<p>Ello para permitir una mayor fluidez vehicular en el Centro Hist\u00f3rico y con ello, que m\u00e1s personas lleguen a los comercios establecidos.<\/p>\n\n\n\n<p>Asimismo, para rechazar el ambulantaje que desde hace casi tres meses se asent\u00f3 en otras calles, como Las Casas, Flores Mag\u00f3n e Hidalgo.<\/p>\n\n\n\n<p>\u201cLas calles son nuestras, no son de los ambulantes; \u00a1ya basta de falta de autoridad!, queremos vender\u201d, se\u00f1alaron durante su movilizaci\u00f3n pac\u00edfica, tras lo cual se retiraron.<\/p>\n\n\n\n<p>No obstante, despu\u00e9s de ello, elementos policiacos recuperaron las valles y las volvieron a colocar en las calles.<\/p>\n","protected":false},"excerpt":{"rendered":"<p>Ismael Garc\u00eda M.\/Zona Roja. Oaxaca de Ju\u00e1rez, Oax., 20 de octubre de 2021.- Y cargaron&hellip;<\/p>\n","protected":false},"author":2,"featured_media":33373,"comment_status":"closed","ping_status":"open","sticky":false,"template":"","format":"standard","meta":{"_lmt_disableupdate":"","_lmt_disable":"","_jetpack_memberships_contains_paid_content":false,"footnotes":""},"categories":[109,47],"tags":[148],"class_list":["post-33372","post","type-post","status-publish","format-standard","has-post-thumbnail","hentry","category-minuto-a-minuto","category-zona-gris","tag-oaxaca-de-juarez"],"jetpack_featured_media_url":"https:\/\/zonaroja.com.mx\/wp-content\/uploads\/2021\/10\/Comerciantes-quitan-vallas-ciudad-de-Oaxaca.jpg","jetpack_sharing_enabled":true,"_links":{"self":[{"href":"https:\/\/zonaroja.com.mx\/index.php?rest_route=\/wp\/v2\/posts\/33372","targetHints":{"allow":["GET"]}}],"collection":[{"href":"https:\/\/zonaroja.com.mx\/index.php?rest_route=\/wp\/v2\/posts"}],"about":[{"href":"https:\/\/zonaroja.com.mx\/index.php?rest_route=\/wp\/v2\/types\/post"}],"author":[{"embeddable":true,"href":"https:\/\/zonaroja.com.mx\/index.php?rest_route=\/wp\/v2\/users\/2"}],"replies":[{"embeddable":true,"href":"https:\/\/zonaroja.com.mx\/index.php?rest_route=%2Fwp%2Fv2%2Fcomments&post=33372"}],"version-history":[{"count":1,"href":"https:\/\/zonaroja.com.mx\/index.php?rest_route=\/wp\/v2\/posts\/33372\/revisions"}],"predecessor-version":[{"id":33374,"href":"https:\/\/zonaroja.com.mx\/index.php?rest_route=\/wp\/v2\/posts\/33372\/revisions\/33374"}],"wp:featuredmedia":[{"embeddable":true,"href":"https:\/\/zonaroja.com.mx\/index.php?rest_route=\/wp\/v2\/media\/33373"}],"wp:attachment":[{"href":"https:\/\/zonaroja.com.mx\/index.php?rest_route=%2Fwp%2Fv2%2Fmedia&parent=33372"}],"wp:term":[{"taxonomy":"category","embeddable":true,"href":"https:\/\/zonaroja.com.mx\/index.php?rest_route=%2Fwp%2Fv2%2Fcategories&post=33372"},{"taxonomy":"post_tag","embeddable":true,"href":"https:\/\/zonaroja.com.mx\/index.php?rest_route=%2Fwp%2Fv2%2Ftags&post=33372"}],"curies":[{"name":"wp","href":"https:\/\/api.w.org\/{rel}","templated":true}]}}