{"id":33375,"date":"2021-10-20T22:32:36","date_gmt":"2021-10-21T03:32:36","guid":{"rendered":"http:\/\/www.zonaroja.com.mx\/?p=33375"},"modified":"2021-10-20T22:32:40","modified_gmt":"2021-10-21T03:32:40","slug":"oaxaca-ingobernable-incontenibles-protestas-y-bloqueos","status":"publish","type":"post","link":"https:\/\/zonaroja.com.mx\/?p=33375","title":{"rendered":"Oaxaca ingobernable: incontenibles protestas y bloqueos"},"content":{"rendered":"\n<p>Redacci\u00f3n\/Zona Roja.<\/p>\n\n\n\n<p>Oaxaca de Ju\u00e1rez, Oax., 20 de octubre de 2021.- Sindicalizados de salud que buscan al secretario Juan Carlos M\u00e1rquez Heine para desnudarlo; tres d\u00edas de bloqueo a la v\u00eda federal 200 en Huamelula; cuatro d\u00edas de bloqueo carretero en Juquila; tres d\u00edas de m\u00faltiples protestas en la ciudad de Oaxaca y zona conurbada.<\/p>\n\n\n\n<p>Ese un somero resumen de la ingobernabilidad que priva en el estado, ante la nula o deficiente intervenci\u00f3n por parte de la Secretar\u00eda General de Gobierno (Segego), que encabeza Francisco Garc\u00eda L\u00f3pez, y que hoy opt\u00f3 por dar prioridad a una reuni\u00f3n sobre capacitaci\u00f3n.<\/p>\n\n\n\n<p>A m\u00e1s de dos meses de exigir di\u00e1logo y acuerdos con el titular de los Servicios de Salud, M\u00e1rquez Heine, integrantes de al menos cinco sindicatos bloquearon hoy oficinas de la dependencia en la colonia Reforma de la capital.<\/p>\n\n\n\n<p>Tras ello salieron en marcha por varias calles, en busca del funcionario, con la finalidad de desnudarlo en caso de hallarlo, para exhibir la nulidad de su actuar, en la recontrataci\u00f3n de personal m\u00e9dico, de enfermer\u00eda y administrativo.<\/p>\n\n\n\n<figure class=\"wp-block-embed-twitter wp-block-embed is-type-rich is-provider-twitter\"><div class=\"wp-block-embed__wrapper\">\n<div class=\"twitter-tweet\"><blockquote class=\"twitter-tweet\" data-lang=\"es\"><p lang=\"es\" dir=\"ltr\"><a href=\"https:\/\/twitter.com\/hashtag\/%C3%9AltimoMinuto?src=hash&amp;ref_src=twsrc%5Etfw\">#\u00daltimoMinuto<\/a> <br>Sindicalizados del sector salud recorrer varios puntos de la capital de <a href=\"https:\/\/twitter.com\/hashtag\/Oaxaca?src=hash&amp;ref_src=twsrc%5Etfw\">#Oaxaca<\/a>, en b\u00fasqueda del titular de los <a href=\"https:\/\/twitter.com\/SSO_GobOax?ref_src=twsrc%5Etfw\">@SSO_GobOax<\/a>, Juan Carlos M\u00e1rquez Heine; anuncian que lo desnudar\u00e1n si lo localizan. <a href=\"https:\/\/t.co\/LKkeksmxzO\">pic.twitter.com\/LKkeksmxzO<\/a><\/p>&mdash; Zona Roja Oaxaca (@Zona_Roja_Oax) <a href=\"https:\/\/twitter.com\/Zona_Roja_Oax\/status\/1450897233914646528?ref_src=twsrc%5Etfw\">20 de octubre de 2021<\/a><\/blockquote><\/div>\n<\/div><\/figure>\n\n\n\n<p>Paralelo a ello, integrantes de organizaciones sociales que pernoctaron en la sede de la Defensor\u00eda de los Derechos Humanos del Pueblo de Oaxaca, se apoderaron de camiones del transporte de pasajeros, para acudir a la sede de la Delegaci\u00f3n Bienestar, jurisdicci\u00f3n de San Agust\u00edn de las Juntas, que bloquearon durante todo el d\u00eda; s\u00f3lo por unos minutos bloquearon vialidades.<\/p>\n\n\n\n<p>En tanto, integrantes de la Asamblea de Pueblos Ind\u00edgenas cerr\u00f3 oficinas federales agrarias, en la colonia Reforma, para exigir atenci\u00f3n a diversos conflictos, en la regi\u00f3n Mixteca.<\/p>\n\n\n\n<p>Otro grupo se manifest\u00f3 en las oficinas del Instituto Nacional de Pueblos Ind\u00edgenas, que preside a nivel nacional Adelfo Regino Montes, para presionar por diversas demandas.<\/p>\n\n\n\n<figure class=\"wp-block-embed-twitter wp-block-embed is-type-rich is-provider-twitter\"><div class=\"wp-block-embed__wrapper\">\n<div class=\"twitter-tweet\"><blockquote class=\"twitter-tweet\" data-lang=\"es\"><p lang=\"es\" dir=\"ltr\"><a href=\"https:\/\/twitter.com\/hashtag\/%C3%9AltimoMinuto?src=hash&amp;ref_src=twsrc%5Etfw\">#\u00daltimoMinuto<\/a> <br>Incontenibles las protestas en <a href=\"https:\/\/twitter.com\/hashtag\/Oaxaca?src=hash&amp;ref_src=twsrc%5Etfw\">#Oaxaca<\/a>. <br>Ahora integrantes de la Asamblea de Pueblos Ind\u00edgenas bloquea oficinas agrarias en la colonia Reforma de la capital. <br>\u00bfY el titular de la <a href=\"https:\/\/twitter.com\/SEGEGO_GobOax?ref_src=twsrc%5Etfw\">@SEGEGO_GobOax<\/a>, <a href=\"https:\/\/twitter.com\/PacoPiza9?ref_src=twsrc%5Etfw\">@PacoPiza9<\/a>? <a href=\"https:\/\/t.co\/FbahfDsAdE\">pic.twitter.com\/FbahfDsAdE<\/a><\/p>&mdash; Zona Roja Oaxaca (@Zona_Roja_Oax) <a href=\"https:\/\/twitter.com\/Zona_Roja_Oax\/status\/1450884124475002896?ref_src=twsrc%5Etfw\">20 de octubre de 2021<\/a><\/blockquote><\/div>\n<\/div><\/figure>\n\n\n\n<p>Mientras que por tercer d\u00eda consecutivo, contin\u00faa el bloqueo a la carretera estatal Juquila-R\u00edo Grande, en la regi\u00f3n de la Costa, por parte de pobladores de San Marcos Zacatepec, para exigir atenci\u00f3n a las autoridades juquile\u00f1as.<\/p>\n\n\n\n<p>Por tercer d\u00eda tambi\u00e9n, habitantes de San Pedro Huamelula mantienen el cierre a la v\u00eda federal 200, en la exigencia de que el edil entregue participaciones a las agencias.<\/p>\n\n\n\n<p>Y ma\u00f1ana, la jornada continuar\u00e1 igual con las organizaciones sociales, a las que se sumar\u00e1 un contingente de la zona de los Loxicha, que tambi\u00e9n prev\u00e9 realizar movilizaciones violentas en la capital.<\/p>\n\n\n\n<figure class=\"wp-block-embed-twitter wp-block-embed is-type-rich is-provider-twitter\"><div class=\"wp-block-embed__wrapper\">\n<div class=\"twitter-tweet\"><blockquote class=\"twitter-tweet\" data-lang=\"es\"><p lang=\"es\" dir=\"ltr\"><a href=\"https:\/\/twitter.com\/hashtag\/%C3%9AltimoMinuto?src=hash&amp;ref_src=twsrc%5Etfw\">#\u00daltimoMinuto<\/a> <br>Se repliegan manifestantes de vialidades en inmediaciones del crucero de la antigua sede del IEEPO y se concentran en los accesos a la Delegaci\u00f3n Bienestar de <a href=\"https:\/\/twitter.com\/hashtag\/Oaxaca?src=hash&amp;ref_src=twsrc%5Etfw\">#Oaxaca<\/a>, sobre la carretera Internacional y v\u00eda hacia el Pante\u00f3n Jard\u00edn. <a href=\"https:\/\/t.co\/VUSq8E7Okx\">pic.twitter.com\/VUSq8E7Okx<\/a><\/p>&mdash; Zona Roja Oaxaca (@Zona_Roja_Oax) <a href=\"https:\/\/twitter.com\/Zona_Roja_Oax\/status\/1450851441766141952?ref_src=twsrc%5Etfw\">20 de octubre de 2021<\/a><\/blockquote><\/div>\n<\/div><\/figure>\n","protected":false},"excerpt":{"rendered":"<p>Redacci\u00f3n\/Zona Roja. Oaxaca de Ju\u00e1rez, Oax., 20 de octubre de 2021.- Sindicalizados de salud que&hellip;<\/p>\n","protected":false},"author":2,"featured_media":33376,"comment_status":"closed","ping_status":"open","sticky":false,"template":"","format":"standard","meta":{"_lmt_disableupdate":"","_lmt_disable":"","_jetpack_memberships_contains_paid_content":false,"footnotes":""},"categories":[109,47],"tags":[2496],"class_list":["post-33375","post","type-post","status-publish","format-standard","has-post-thumbnail","hentry","category-minuto-a-minuto","category-zona-gris","tag-marchas-y-bloqueos-oaxaca"],"jetpack_featured_media_url":"https:\/\/zonaroja.com.mx\/wp-content\/uploads\/2021\/10\/Protestas-Oaxaca.jpg","jetpack_sharing_enabled":true,"_links":{"self":[{"href":"https:\/\/zonaroja.com.mx\/index.php?rest_route=\/wp\/v2\/posts\/33375","targetHints":{"allow":["GET"]}}],"collection":[{"href":"https:\/\/zonaroja.com.mx\/index.php?rest_route=\/wp\/v2\/posts"}],"about":[{"href":"https:\/\/zonaroja.com.mx\/index.php?rest_route=\/wp\/v2\/types\/post"}],"author":[{"embeddable":true,"href":"https:\/\/zonaroja.com.mx\/index.php?rest_route=\/wp\/v2\/users\/2"}],"replies":[{"embeddable":true,"href":"https:\/\/zonaroja.com.mx\/index.php?rest_route=%2Fwp%2Fv2%2Fcomments&post=33375"}],"version-history":[{"count":1,"href":"https:\/\/zonaroja.com.mx\/index.php?rest_route=\/wp\/v2\/posts\/33375\/revisions"}],"predecessor-version":[{"id":33377,"href":"https:\/\/zonaroja.com.mx\/index.php?rest_route=\/wp\/v2\/posts\/33375\/revisions\/33377"}],"wp:featuredmedia":[{"embeddable":true,"href":"https:\/\/zonaroja.com.mx\/index.php?rest_route=\/wp\/v2\/media\/33376"}],"wp:attachment":[{"href":"https:\/\/zonaroja.com.mx\/index.php?rest_route=%2Fwp%2Fv2%2Fmedia&parent=33375"}],"wp:term":[{"taxonomy":"category","embeddable":true,"href":"https:\/\/zonaroja.com.mx\/index.php?rest_route=%2Fwp%2Fv2%2Fcategories&post=33375"},{"taxonomy":"post_tag","embeddable":true,"href":"https:\/\/zonaroja.com.mx\/index.php?rest_route=%2Fwp%2Fv2%2Ftags&post=33375"}],"curies":[{"name":"wp","href":"https:\/\/api.w.org\/{rel}","templated":true}]}}