{"id":33384,"date":"2021-10-21T08:25:54","date_gmt":"2021-10-21T13:25:54","guid":{"rendered":"http:\/\/www.zonaroja.com.mx\/?p=33384"},"modified":"2021-10-21T08:25:57","modified_gmt":"2021-10-21T13:25:57","slug":"cerraran-panteones-de-oaxaca-de-juarez-en-festividades-por-dia-de-muertos","status":"publish","type":"post","link":"https:\/\/zonaroja.com.mx\/?p=33384","title":{"rendered":"Cerrar\u00e1n panteones de Oaxaca de Ju\u00e1rez en festividades por D\u00eda de Muertos"},"content":{"rendered":"\n<p>Redacci\u00f3n\/Zona Roja.<\/p>\n\n\n\n<p>Oaxaca de Ju\u00e1rez, Oax., a 21 de octubre de 2021.- Bajo la premisa de salvaguardar la salud de la poblaci\u00f3n ante la pandemia de Covid-19, el Cabildo de Oaxaca de Ju\u00e1rez aprob\u00f3 por mayor\u00eda un punto de acuerdo mediante el cual se instruye a la Unidad de Panteones, &nbsp;continuar con el cierre de los panteones que administra, hasta en tanto las condiciones sean las adecuadas.<\/p>\n\n\n\n<p>Con ello, los d\u00edas 31, 1 y 2 de noviembre, fechas de las festividades por el D\u00eda de Muertos, no habr\u00e1 acceso al p\u00fablico a los camposantos de la capital.<\/p>\n\n\n\n<p>En un comunicado, el ayuntamiento inform\u00f3 que con esta iniciativa se deja sin efectos el punto de acuerdo suscrito por el presidente municipal, Oswaldo Garc\u00eda Jarqu\u00edn, aprobado en Sesi\u00f3n de Cabildo del pasado 10 de octubre del 2020:<\/p>\n\n\n\n<p>\u201cSe ordena la suspensi\u00f3n de visitas al p\u00fablico en general, a los panteones municipales de Oaxaca de Ju\u00e1rez, a partir de la aprobaci\u00f3n del presente acuerdo, reanud\u00e1ndose hasta que el sem\u00e1foro epidemiol\u00f3gico est\u00e9 en color verde\u201d.<\/p>\n\n\n\n<p>Con la aprobaci\u00f3n de esta propuesta, se instruy\u00f3 a los agentes municipales y de polic\u00eda cuyas agencias cuenten con pante\u00f3n (Montoya, San Felipe del Agua, San Juan Chapultepec, San Mart\u00edn Mexicapam de C\u00e1rdenas, Trinidad de Viguera, San Luis Beltr\u00e1n y Donaj\u00ed), continuar con el cierre de los mismos, hasta que se emita nueva disposici\u00f3n por parte del Ayuntamiento.<\/p>\n\n\n\n<p>La concejal Mar\u00eda de los \u00c1ngeles G\u00f3mez Sandoval Hern\u00e1ndez dijo que este punto de acuerdo se presenta derivado del an\u00e1lisis que ha realizado la Unidad Municipal de Atenci\u00f3n al Covid-19, debido al aumento de casos, a\u00fan cuando el estado se encuentra en sem\u00e1foro epidemiol\u00f3gico verde.<\/p>\n\n\n\n<p>\u201cDe igual forma el n\u00famero de fallecimientos no ha disminuido y por ello es importante promover las medidas que privilegien la salud de los habitantes capitalinos\u201d, dijo al mencionar estad\u00edsticas dadas a conocer por autoridades sanitarias referentes a la incidencia de casos en el estado y la ciudad y al referir que el n\u00famero de casos de arbovirosis tambi\u00e9n han registrado un incremento.<\/p>\n\n\n\n<p>\u201cLa apertura de panteones podr\u00eda provocar la aglomeraci\u00f3n de personas en su alrededor, lo que no es recomendable, ya que debemos mantener la sana distancia en todo momento\u201d, expuso &#8211;seg\u00fan el comunicado de prensa&#8211; al resaltar que esta iniciativa tiene el objetivo de cuidar la salud de la ciudadan\u00eda y de visitantes nacionales y extranjeros.<\/p>\n\n\n\n<p>De acuerdo con cifras de los Servicios de Salud de Oaxaca (SSO), Oaxaca de Ju\u00e1rez registra desde el inicio de la pandemia, en marzo del a\u00f1o pasado, a la fecha, 20 mil 427 casos positivos, 39 de ellos registrados este mi\u00e9rcoles.<\/p>\n","protected":false},"excerpt":{"rendered":"<p>Redacci\u00f3n\/Zona Roja. Oaxaca de Ju\u00e1rez, Oax., a 21 de octubre de 2021.- Bajo la premisa&hellip;<\/p>\n","protected":false},"author":2,"featured_media":33385,"comment_status":"closed","ping_status":"open","sticky":false,"template":"","format":"standard","meta":{"_lmt_disableupdate":"","_lmt_disable":"","_jetpack_memberships_contains_paid_content":false,"footnotes":""},"categories":[109,47],"tags":[148],"class_list":["post-33384","post","type-post","status-publish","format-standard","has-post-thumbnail","hentry","category-minuto-a-minuto","category-zona-gris","tag-oaxaca-de-juarez"],"jetpack_featured_media_url":"https:\/\/zonaroja.com.mx\/wp-content\/uploads\/2021\/10\/Panteon-General-ciudad-de-Oaxaca.jpg","jetpack_sharing_enabled":true,"_links":{"self":[{"href":"https:\/\/zonaroja.com.mx\/index.php?rest_route=\/wp\/v2\/posts\/33384","targetHints":{"allow":["GET"]}}],"collection":[{"href":"https:\/\/zonaroja.com.mx\/index.php?rest_route=\/wp\/v2\/posts"}],"about":[{"href":"https:\/\/zonaroja.com.mx\/index.php?rest_route=\/wp\/v2\/types\/post"}],"author":[{"embeddable":true,"href":"https:\/\/zonaroja.com.mx\/index.php?rest_route=\/wp\/v2\/users\/2"}],"replies":[{"embeddable":true,"href":"https:\/\/zonaroja.com.mx\/index.php?rest_route=%2Fwp%2Fv2%2Fcomments&post=33384"}],"version-history":[{"count":1,"href":"https:\/\/zonaroja.com.mx\/index.php?rest_route=\/wp\/v2\/posts\/33384\/revisions"}],"predecessor-version":[{"id":33386,"href":"https:\/\/zonaroja.com.mx\/index.php?rest_route=\/wp\/v2\/posts\/33384\/revisions\/33386"}],"wp:featuredmedia":[{"embeddable":true,"href":"https:\/\/zonaroja.com.mx\/index.php?rest_route=\/wp\/v2\/media\/33385"}],"wp:attachment":[{"href":"https:\/\/zonaroja.com.mx\/index.php?rest_route=%2Fwp%2Fv2%2Fmedia&parent=33384"}],"wp:term":[{"taxonomy":"category","embeddable":true,"href":"https:\/\/zonaroja.com.mx\/index.php?rest_route=%2Fwp%2Fv2%2Fcategories&post=33384"},{"taxonomy":"post_tag","embeddable":true,"href":"https:\/\/zonaroja.com.mx\/index.php?rest_route=%2Fwp%2Fv2%2Ftags&post=33384"}],"curies":[{"name":"wp","href":"https:\/\/api.w.org\/{rel}","templated":true}]}}