{"id":3339,"date":"2019-08-23T20:56:26","date_gmt":"2019-08-24T01:56:26","guid":{"rendered":"http:\/\/www.zonaroja.com.mx\/?p=3339"},"modified":"2019-08-23T20:56:29","modified_gmt":"2019-08-24T01:56:29","slug":"violentos-ataques-a-autobuses-de-pasajeros-balean-uno-y-asaltan-a-otro","status":"publish","type":"post","link":"https:\/\/zonaroja.com.mx\/?p=3339","title":{"rendered":"Violentos ataques a autobuses de pasajeros; balean uno y asaltan a otro"},"content":{"rendered":"\n<p>Redacci\u00f3n\/Zona\nRoja.<\/p>\n\n\n\n<p>Oaxaca de\nJu\u00e1rez, Oax., 23 de agosto de 2019.- Las unidades de transporte de pasajeros\ntambi\u00e9n fueron v\u00edctimas de la delincuencia este viernes, en las regiones Istmo\nde Tehuantepec y Valles Centrales.<\/p>\n\n\n\n<p>Alrededor de\nlas seis de la tarde, ocupantes de un veh\u00edculo compacto de color blanco comenzaron\na perseguir en la calle Netzahualc\u00f3yotl de la colonia Reforma al cami\u00f3n de la l\u00ednea\nTransportes Urbanos de la Ciudad de Oaxaca, S. A. (Tucdosa) con n\u00famero\necon\u00f3mico A-582, presuntamente tras incidente vial.<\/p>\n\n\n\n<p>Fue en la\ncontinuaci\u00f3n de esa vialidad, Emiliano Zapata, casi esquina con Heroica Escuela\nNaval Militar, donde le dieron alcance y dispararon en contra del conductor;\nlas balas pegaron una en el parabrisas y dos en la lateral derecha, cerca de la\npuerta. Tras ello los atacantes se dieron a la fuga.<\/p>\n\n\n\n<p>Cono resultado\nde ello, tres personas resultaron lesionadas, el chofer Luis Enrique Cruz; el\nse\u00f1or Aurelio Ramos Hern\u00e1ndez, de 33 a\u00f1os de edad, y la menor de tres a\u00f1os Ana Escared\nS., quienes fueron atendidos en la cl\u00ednica privada que estaba a un lado. Hasta\nel momento no hay personas detenidas por la agresi\u00f3n y a\u00fan se desconoce el\nm\u00f3vil.<\/p>\n\n\n\n<p>TAMBI\u00c9N EN\nEL ISTMO<\/p>\n\n\n\n<p>Mientras\ntanto, en la regi\u00f3n del Istmo, alrededor de las seis de la ma\u00f1ana fue asaltado\nun autob\u00fas de la l\u00ednea SUR, con n\u00famero econ\u00f3mico 6092, en el tramo carretero\nSalina Cruz-Santo Domingo Tehuantepec.<\/p>\n\n\n\n<p>Presuntamente\ndesde Salina Cruz al menos tres sujetos abordaron el cami\u00f3n y a medio camino, desenfundaron\narmas y amagaron a chofer y a los pasajeros, a quienes despojaron de todos sus\nart\u00edculos de valor, incluyendo celulares y carteras.<\/p>\n\n\n\n<p>Tras ello,\nobligaron al chofer a detener la marcha de la unidad y se bajaron, cerca del\nfraccionamiento Guiengola de Tehuantepec.<\/p>\n\n\n\n<p>En este\n\u00faltimo municipio, invitaron a los pasajeros a interponer su denuncia ante la\nVicefiscal\u00eda Regional del Istmo, adem\u00e1s de dar aviso a las corporaciones\npoliciacas, que iniciaron operativos de b\u00fasqueda, sin \u00e9xito alguno.<\/p>\n","protected":false},"excerpt":{"rendered":"<p>Redacci\u00f3n\/Zona Roja. Oaxaca de Ju\u00e1rez, Oax., 23 de agosto de 2019.- Las unidades de transporte&hellip;<\/p>\n","protected":false},"author":2,"featured_media":3340,"comment_status":"closed","ping_status":"open","sticky":false,"template":"","format":"standard","meta":{"_lmt_disableupdate":"","_lmt_disable":"","_jetpack_memberships_contains_paid_content":false,"footnotes":""},"categories":[109,51],"tags":[607],"class_list":["post-3339","post","type-post","status-publish","format-standard","has-post-thumbnail","hentry","category-minuto-a-minuto","category-zona-roja","tag-salto-autobuses"],"jetpack_featured_media_url":"https:\/\/zonaroja.com.mx\/wp-content\/uploads\/2019\/08\/IMG_1211.jpg","jetpack_sharing_enabled":true,"_links":{"self":[{"href":"https:\/\/zonaroja.com.mx\/index.php?rest_route=\/wp\/v2\/posts\/3339","targetHints":{"allow":["GET"]}}],"collection":[{"href":"https:\/\/zonaroja.com.mx\/index.php?rest_route=\/wp\/v2\/posts"}],"about":[{"href":"https:\/\/zonaroja.com.mx\/index.php?rest_route=\/wp\/v2\/types\/post"}],"author":[{"embeddable":true,"href":"https:\/\/zonaroja.com.mx\/index.php?rest_route=\/wp\/v2\/users\/2"}],"replies":[{"embeddable":true,"href":"https:\/\/zonaroja.com.mx\/index.php?rest_route=%2Fwp%2Fv2%2Fcomments&post=3339"}],"version-history":[{"count":1,"href":"https:\/\/zonaroja.com.mx\/index.php?rest_route=\/wp\/v2\/posts\/3339\/revisions"}],"predecessor-version":[{"id":3341,"href":"https:\/\/zonaroja.com.mx\/index.php?rest_route=\/wp\/v2\/posts\/3339\/revisions\/3341"}],"wp:featuredmedia":[{"embeddable":true,"href":"https:\/\/zonaroja.com.mx\/index.php?rest_route=\/wp\/v2\/media\/3340"}],"wp:attachment":[{"href":"https:\/\/zonaroja.com.mx\/index.php?rest_route=%2Fwp%2Fv2%2Fmedia&parent=3339"}],"wp:term":[{"taxonomy":"category","embeddable":true,"href":"https:\/\/zonaroja.com.mx\/index.php?rest_route=%2Fwp%2Fv2%2Fcategories&post=3339"},{"taxonomy":"post_tag","embeddable":true,"href":"https:\/\/zonaroja.com.mx\/index.php?rest_route=%2Fwp%2Fv2%2Ftags&post=3339"}],"curies":[{"name":"wp","href":"https:\/\/api.w.org\/{rel}","templated":true}]}}