{"id":33393,"date":"2021-10-21T08:39:18","date_gmt":"2021-10-21T13:39:18","guid":{"rendered":"http:\/\/www.zonaroja.com.mx\/?p=33393"},"modified":"2021-10-21T08:39:23","modified_gmt":"2021-10-21T13:39:23","slug":"ciclistas-respaldan-ciclovia-piden-respeto-a-su-medio-de-transporte","status":"publish","type":"post","link":"https:\/\/zonaroja.com.mx\/?p=33393","title":{"rendered":"Ciclistas respaldan ciclov\u00eda; piden respeto a su medio de transporte&nbsp;&nbsp;"},"content":{"rendered":"\n<p>Evlin Arag\u00f3n\/Zona Roja.<\/p>\n\n\n\n<p>Oaxaca de Ju\u00e1rez, Oax., 21 de octubre de 2021.- \u201cLo que queremos son espacios seguros para todas y todos\u201d, refiere Alejandra, ciclista e integrante de la asociaci\u00f3n civil \u201cInsolente Oaxaca\u201d, quien se pronunci\u00f3 a favor de la ciclov\u00eda que se ha implementado en la colonia Reforma, al norte de la capital del estado.&nbsp;<\/p>\n\n\n\n<p>La joven indic\u00f3 que la comunidad ciclista necesita de vialidades seguras toda vez que cotidiana se enfrentan a m\u00faltiples riesgos debido a la falta de cultura vial por parte de automovilistas y sociedad en general, de ah\u00ed que manifest\u00f3 es urgente la habilitaci\u00f3n de m\u00e1s espacios destinados al uso de la bicicleta en la capital y zona conurbada, mismos que no necesariamente deben estar confinados como el actual<\/p>\n\n\n\n<p>Alejandra record\u00f3 que, en Oaxaca, la poblaci\u00f3n cuenta con un derecho constitucional a la movilidad segura, misma que pone en primer lugar al peat\u00f3n y en segundo a quienes van a bordo de una bicicleta, debido a los riesgos que enfrentan en las vialidades.&nbsp;<\/p>\n\n\n\n<p>En este sentido, neg\u00f3 que se opongan a la prestaci\u00f3n de servicios de agua, gas y basura, cuyos veh\u00edculos son los que principalmente se estacionan en la ciclov\u00eda o en doble fila, sin embargo, detall\u00f3 que es importante que las medidas viales vayan acompa\u00f1adas de horarios, tal y como funciona en el Centro Hist\u00f3rico.&nbsp;<\/p>\n\n\n\n<p>Lejos de confrontar, la joven hizo un llamado al grupo inconforme para que conozcan el proyecto y puedan observar que se trata de un beneficio no s\u00f3lo para la comunidad ciclista sino para toda la poblaci\u00f3n al fomentar el uso de transporte que no genera ning\u00fan tipo de contaminaci\u00f3n y promueve la actividad f\u00edsica.\u00a0<\/p>\n\n\n\n<figure class=\"wp-block-embed-twitter wp-block-embed is-type-rich is-provider-twitter\"><div class=\"wp-block-embed__wrapper\">\n<div class=\"twitter-tweet\"><blockquote class=\"twitter-tweet\" data-lang=\"es\"><p lang=\"es\" dir=\"ltr\"><a href=\"https:\/\/twitter.com\/hashtag\/OaxacaSaludable?src=hash&amp;ref_src=twsrc%5Etfw\">#OaxacaSaludable<\/a> <br>Contrario a protesta de un reducido grupo de vecinos, ciclistas como Alejandra, de la asociaci\u00f3n \u201cInsolente <a href=\"https:\/\/twitter.com\/hashtag\/Oaxaca?src=hash&amp;ref_src=twsrc%5Etfw\">#Oaxaca<\/a>\u201d, se pronunciaron por el respeto a quienes utilizan la bicicleta y por una mayor promoci\u00f3n de su uso,por sus beneficios para la salud y ambiente. <a href=\"https:\/\/t.co\/pWzYBn4A54\">pic.twitter.com\/pWzYBn4A54<\/a><\/p>&mdash; Zona Roja Oaxaca (@Zona_Roja_Oax) <a href=\"https:\/\/twitter.com\/Zona_Roja_Oax\/status\/1450658808813039618?ref_src=twsrc%5Etfw\">20 de octubre de 2021<\/a><\/blockquote><\/div>\n<\/div><\/figure>\n\n\n\n<p>\u201cLos que no tenga conocimiento de c\u00f3mo funciona la ciclov\u00eda que se acerquen en lugar de estar opinando en contra, vamos a dialogar. Lo que queremos nosotros es di\u00e1logo y tener espacios seguros para todos\u201d, dijo.&nbsp;&nbsp;<\/p>\n\n\n\n<p>Finalmente, explic\u00f3 que la bicicleta es un medio de transporte para cientos de personas que no cuentan con la posibilidad de adquirir un veh\u00edculo de motor, mismo que debe ser respetado como cualquier otro, situaci\u00f3n que lamentablemente a\u00fan no sucede.<\/p>\n\n\n\n<p>Y es que, para la joven, a\u00fan falta mucho por hacer en materia de cultura vial, toda vez que de manera personal a ella en varias ocasiones la han querido atropellar y le han botado el carro por quererle ganar el espacio que ocupa en un carril a bordo de su bicicleta.&nbsp;<\/p>\n\n\n\n<p>\u201cEs la primera vez que lleg\u00f3 tan r\u00e1pido a la colonia Reforma y me sent\u00ed segura\u201d, dijo luego de recorrer la ciclov\u00eda que ha sido habilitada por la Secretar\u00eda de Movilidad (Semovi), en inmediaciones de la calle Amapolas.&nbsp;<\/p>\n\n\n\n<p>Desde el fin de semana un reducido grupo de vecinos se ha pronunciado en contra de la acci\u00f3n implementada por las autoridades, asegurando que afecta la actividad comercial en la zona, principalmente de quienes expenden sus productos al interior del Mercado \u201cHidalgo\u201d, ubicado en la zona norte de la ciudad.&nbsp;<\/p>\n","protected":false},"excerpt":{"rendered":"<p>Evlin Arag\u00f3n\/Zona Roja. Oaxaca de Ju\u00e1rez, Oax., 21 de octubre de 2021.- \u201cLo que queremos&hellip;<\/p>\n","protected":false},"author":2,"featured_media":33394,"comment_status":"closed","ping_status":"open","sticky":false,"template":"","format":"standard","meta":{"_lmt_disableupdate":"","_lmt_disable":"","_jetpack_memberships_contains_paid_content":false,"footnotes":""},"categories":[109,46],"tags":[],"class_list":["post-33393","post","type-post","status-publish","format-standard","has-post-thumbnail","hentry","category-minuto-a-minuto","category-zona-blanca"],"jetpack_featured_media_url":"https:\/\/zonaroja.com.mx\/wp-content\/uploads\/2021\/10\/Alejandra-ciclista-Oaxaca-1.jpg","jetpack_sharing_enabled":true,"_links":{"self":[{"href":"https:\/\/zonaroja.com.mx\/index.php?rest_route=\/wp\/v2\/posts\/33393","targetHints":{"allow":["GET"]}}],"collection":[{"href":"https:\/\/zonaroja.com.mx\/index.php?rest_route=\/wp\/v2\/posts"}],"about":[{"href":"https:\/\/zonaroja.com.mx\/index.php?rest_route=\/wp\/v2\/types\/post"}],"author":[{"embeddable":true,"href":"https:\/\/zonaroja.com.mx\/index.php?rest_route=\/wp\/v2\/users\/2"}],"replies":[{"embeddable":true,"href":"https:\/\/zonaroja.com.mx\/index.php?rest_route=%2Fwp%2Fv2%2Fcomments&post=33393"}],"version-history":[{"count":1,"href":"https:\/\/zonaroja.com.mx\/index.php?rest_route=\/wp\/v2\/posts\/33393\/revisions"}],"predecessor-version":[{"id":33395,"href":"https:\/\/zonaroja.com.mx\/index.php?rest_route=\/wp\/v2\/posts\/33393\/revisions\/33395"}],"wp:featuredmedia":[{"embeddable":true,"href":"https:\/\/zonaroja.com.mx\/index.php?rest_route=\/wp\/v2\/media\/33394"}],"wp:attachment":[{"href":"https:\/\/zonaroja.com.mx\/index.php?rest_route=%2Fwp%2Fv2%2Fmedia&parent=33393"}],"wp:term":[{"taxonomy":"category","embeddable":true,"href":"https:\/\/zonaroja.com.mx\/index.php?rest_route=%2Fwp%2Fv2%2Fcategories&post=33393"},{"taxonomy":"post_tag","embeddable":true,"href":"https:\/\/zonaroja.com.mx\/index.php?rest_route=%2Fwp%2Fv2%2Ftags&post=33393"}],"curies":[{"name":"wp","href":"https:\/\/api.w.org\/{rel}","templated":true}]}}