{"id":33397,"date":"2021-10-21T08:51:41","date_gmt":"2021-10-21T13:51:41","guid":{"rendered":"http:\/\/www.zonaroja.com.mx\/?p=33397"},"modified":"2021-10-21T08:51:44","modified_gmt":"2021-10-21T13:51:44","slug":"de-un-cantante-vehiculo-que-incendiaron-en-santa-lucia-del-camino","status":"publish","type":"post","link":"https:\/\/zonaroja.com.mx\/?p=33397","title":{"rendered":"De un cantante, veh\u00edculo que incendiaron en Santa Luc\u00eda del Camino"},"content":{"rendered":"\n<p>Redacci\u00f3n\/Zona Roja.<\/p>\n\n\n\n<p>Oaxaca de Ju\u00e1rez, Oax., 21 de octubre de 2021.- Un veh\u00edculo semicalcinado y otro m\u00e1s que intentaron quemar, fue el saldo de un atentado ayer ocurrido en jurisdicci\u00f3n de Santa Luc\u00eda del Camino, Oaxaca.<\/p>\n\n\n\n<p>Los hechos sucedieron alrededor de las 16:30 horas en la privada de Alhel\u00edes, entre prolongaci\u00f3n de Alhel\u00edes y Orqu\u00eddeas, de la colonia Las Flores, a unas cuadras de instalaciones de la Secretar\u00eda de la Defensa Nacional, donde se llevaba a cabo la aplicaci\u00f3n de vacuna contra el Covid-19.<\/p>\n\n\n\n<p>Al menos dos sujetos fueron los que rociaron gasolina a una unidad de motor y despu\u00e9s le prendieron fuego; otro veh\u00edculo estuvo a punto de ser alcanzado, pero fue retirado de inmediato.<\/p>\n\n\n\n<p>El coche siniestrado, marca Honda, tipo Civic, y con placas de circulaci\u00f3n YKZ-3341 del estado de Veracruz, es presuntamente propiedad del cantante del grupo musical \u201cPuro Reyes\u201d, Dani I-T.I., quien realizaba sus ensayos musicales cuando fue informado del incendio.<\/p>\n\n\n\n<figure class=\"wp-block-embed-twitter wp-block-embed is-type-rich is-provider-twitter\"><div class=\"wp-block-embed__wrapper\">\n<div class=\"twitter-tweet\"><blockquote class=\"twitter-tweet\" data-lang=\"es\"><p lang=\"es\" dir=\"ltr\"><a href=\"https:\/\/twitter.com\/hashtag\/%C3%9AltimoMinuto?src=hash&amp;ref_src=twsrc%5Etfw\">#\u00daltimoMinuto<\/a> <br>Atentado: incendian de manera intencional un veh\u00edculo particular en la privada de Alhel\u00edes esquina con prolongaci\u00f3n de Alhel\u00edes, colonia Las Flores, Santa Luc\u00eda del Camino, <a href=\"https:\/\/twitter.com\/hashtag\/Oaxaca?src=hash&amp;ref_src=twsrc%5Etfw\">#Oaxaca<\/a>. <a href=\"https:\/\/t.co\/HvVAczaGn0\">pic.twitter.com\/HvVAczaGn0<\/a><\/p>&mdash; Zona Roja Oaxaca (@Zona_Roja_Oax) <a href=\"https:\/\/twitter.com\/Zona_Roja_Oax\/status\/1450938654839349256?ref_src=twsrc%5Etfw\">20 de octubre de 2021<\/a><\/blockquote><\/div>\n<\/div><\/figure>\n\n\n\n<p>Vecinos empezaron a apoyar para sofocar el incendio y posteriormente arribaron los elementos del Cuerpo de Bomberos que ayudaron a controlarlo, confirmando que los da\u00f1os materiales fueron en varios miles de pesos.<\/p>\n\n\n\n<p>Elementos de la polic\u00eda municipal arribaron al lugar para tomar datos, pero no ubicaron a los presuntos responsables del incendio de la unidad de motor.<\/p>\n\n\n\n<p>Apenas la noche del jueves 14 de octubre, un masculino de 28 a\u00f1os de edad fue lesionado de un balazo en la cabeza al tratar de oponerse a un asalto a unos metros de la Ciudad de las Canteras en Santa Mar\u00eda Ixcotel y muy grave fue canalizado al hospital civil de la ciudad capital.<\/p>\n\n\n\n<p>Por otra parte, el domingo 17 de octubre, un restaurante y una \u00f3ptica fueron vaciadas por delincuentes en la colonia Las Flores y en la colonia del Bosque del mismo municipio y tampoco hubo detenidos.<\/p>\n","protected":false},"excerpt":{"rendered":"<p>Redacci\u00f3n\/Zona Roja. Oaxaca de Ju\u00e1rez, Oax., 21 de octubre de 2021.- Un veh\u00edculo semicalcinado y&hellip;<\/p>\n","protected":false},"author":2,"featured_media":33398,"comment_status":"closed","ping_status":"open","sticky":false,"template":"","format":"standard","meta":{"_lmt_disableupdate":"","_lmt_disable":"","_jetpack_memberships_contains_paid_content":false,"footnotes":""},"categories":[109,46],"tags":[],"class_list":["post-33397","post","type-post","status-publish","format-standard","has-post-thumbnail","hentry","category-minuto-a-minuto","category-zona-blanca"],"jetpack_featured_media_url":"https:\/\/zonaroja.com.mx\/wp-content\/uploads\/2021\/10\/Incendio-vehiculo-Santa-Lucia-del-Camino.jpg","jetpack_sharing_enabled":true,"_links":{"self":[{"href":"https:\/\/zonaroja.com.mx\/index.php?rest_route=\/wp\/v2\/posts\/33397","targetHints":{"allow":["GET"]}}],"collection":[{"href":"https:\/\/zonaroja.com.mx\/index.php?rest_route=\/wp\/v2\/posts"}],"about":[{"href":"https:\/\/zonaroja.com.mx\/index.php?rest_route=\/wp\/v2\/types\/post"}],"author":[{"embeddable":true,"href":"https:\/\/zonaroja.com.mx\/index.php?rest_route=\/wp\/v2\/users\/2"}],"replies":[{"embeddable":true,"href":"https:\/\/zonaroja.com.mx\/index.php?rest_route=%2Fwp%2Fv2%2Fcomments&post=33397"}],"version-history":[{"count":1,"href":"https:\/\/zonaroja.com.mx\/index.php?rest_route=\/wp\/v2\/posts\/33397\/revisions"}],"predecessor-version":[{"id":33399,"href":"https:\/\/zonaroja.com.mx\/index.php?rest_route=\/wp\/v2\/posts\/33397\/revisions\/33399"}],"wp:featuredmedia":[{"embeddable":true,"href":"https:\/\/zonaroja.com.mx\/index.php?rest_route=\/wp\/v2\/media\/33398"}],"wp:attachment":[{"href":"https:\/\/zonaroja.com.mx\/index.php?rest_route=%2Fwp%2Fv2%2Fmedia&parent=33397"}],"wp:term":[{"taxonomy":"category","embeddable":true,"href":"https:\/\/zonaroja.com.mx\/index.php?rest_route=%2Fwp%2Fv2%2Fcategories&post=33397"},{"taxonomy":"post_tag","embeddable":true,"href":"https:\/\/zonaroja.com.mx\/index.php?rest_route=%2Fwp%2Fv2%2Ftags&post=33397"}],"curies":[{"name":"wp","href":"https:\/\/api.w.org\/{rel}","templated":true}]}}