{"id":33405,"date":"2021-10-21T19:30:25","date_gmt":"2021-10-22T00:30:25","guid":{"rendered":"http:\/\/www.zonaroja.com.mx\/?p=33405"},"modified":"2021-10-21T19:30:31","modified_gmt":"2021-10-22T00:30:31","slug":"llega-patrulla-feminista-y-tendedero-de-deudores-oaxaquenos-a-la-cdmx","status":"publish","type":"post","link":"https:\/\/zonaroja.com.mx\/?p=33405","title":{"rendered":"Llega \u201cPatrulla feminista\u201d y \u201ctendedero\u201d de deudores oaxaque\u00f1os a la Cdmx"},"content":{"rendered":"\n<p>Evlin Arag\u00f3n\/Zona Roja.<\/p>\n\n\n\n<p>Oaxaca de Ju\u00e1rez, Oax., 21 de octubre de 2021.- Este jueves la \u201cPatrulla feminista\u201d arrib\u00f3 a la Ciudad de M\u00e9xico y con ella el \u201ctendedero\u201d de deudores alimentarios que desde hace unos meses se expone en la entidad oaxaque\u00f1a, para denunciar a los padres que no cumplen con su obligaci\u00f3n de manutenci\u00f3n.<\/p>\n\n\n\n<p>Fue la glorieta rebautizada como de \u201cMujeres que Luchan\u201d, donde antes se encontraba la efigie de Crist\u00f3bal Col\u00f3n, el lugar id\u00f3neo para que las activistas oaxaque\u00f1as se manifestaran y exigieran un registro nacional de deudores alimentarios que obligue a los varones a cumplir con su paternidad de manera responsable.&nbsp;&nbsp;<\/p>\n\n\n\n<p>El espacio que desde hace semanas ha sido intervenido por activistas feministas se llen\u00f3 con las im\u00e1genes de los deudores que, previamente, han sido exhibidos en la capital oaxaque\u00f1a, as\u00ed como hicieron escuchar las consignas en las que se pide justicia para las infancias.&nbsp;<\/p>\n\n\n\n<p>Ah\u00ed, dieron a conocer que alistan una propuesta de reforma legislativa a nivel nacional, misma que han nombrado como \u201cLey Sabina\u201d y que busca garantizar una vida digna para las infancias.\u00a0<\/p>\n\n\n\n<figure class=\"wp-block-embed-twitter wp-block-embed is-type-rich is-provider-twitter\"><div class=\"wp-block-embed__wrapper\">\n<div class=\"twitter-tweet\"><blockquote class=\"twitter-tweet\" data-lang=\"es\"><p lang=\"es\" dir=\"ltr\"><a href=\"https:\/\/twitter.com\/hashtag\/%C3%9AltimoMinuto?src=hash&amp;ref_src=twsrc%5Etfw\">#\u00daltimoMinuto<\/a> <br>La \u201cPatrulla feminista\u201d llega a la Ciudad de M\u00e9xico.<br>Exhiben a deudores alimentarios de <a href=\"https:\/\/twitter.com\/hashtag\/Oaxaca?src=hash&amp;ref_src=twsrc%5Etfw\">#Oaxaca<\/a>. <br>El acto de colectivas feministas lo encabeza <a href=\"https:\/\/twitter.com\/DianaLuzVa?ref_src=twsrc%5Etfw\">@DianaLuzVa<\/a>. <a href=\"https:\/\/t.co\/c3lyXWtuxN\">pic.twitter.com\/c3lyXWtuxN<\/a><\/p>&mdash; Zona Roja Oaxaca (@Zona_Roja_Oax) <a href=\"https:\/\/twitter.com\/Zona_Roja_Oax\/status\/1451268886519705605?ref_src=twsrc%5Etfw\">21 de octubre de 2021<\/a><\/blockquote><\/div>\n<\/div><\/figure>\n\n\n\n<p>\u201cLa \u2018Ley Sabina\u2019 b\u00e1sicamente consiste en restringir derechos a los que adeudan pensi\u00f3n alimenticia, de igual manera tiene como objetivo un padr\u00f3n nacional p\u00fablico de deudores, entre otras cosas\u201d, refiri\u00f3 la Colectiva Amor No Es Violencia en sus redes sociales.&nbsp;<\/p>\n\n\n\n<p>En este mismo sentido, evidenciaron que la llegada de la \u201cPatrulla feminista\u201d a la Ciudad de M\u00e9xico tiene como objetivo continuar visibilizando el abuso econ\u00f3mico al que se enfrentan las mujeres que maternan de manera independiente, mismo que se ha consumado ante la omisi\u00f3n por parte de las autoridades.&nbsp;<\/p>\n\n\n\n<p>A la par que anunciaron la instalaci\u00f3n de un \u201ctendedero\u201d de deudores a las afueras del Senado de la Rep\u00fablica a fin de llevar la discusi\u00f3n y el an\u00e1lisis de la situaci\u00f3n que enfrentan las mujeres y las infancias, v\u00edctimas de varones irresponsables, a la m\u00e1xima tribuna del pa\u00eds.<\/p>\n\n\n\n<p>Apenas el pasado 11 de octubre, en el marco del D\u00eda Internacional de la Ni\u00f1a, las activistas colocaron el tendedero de \u201cdeudores\u201d alimentarios en la agencia municipal de Santa Rosa Panzacola, perteneciente a la capital de Oaxaca, desde donde tambi\u00e9n parti\u00f3 la \u201cPatrulla feminista\u201d para hacer la denuncia itinerante a los lugares de trabajo de los hombres se\u00f1alados como padres irresponsables.&nbsp;&nbsp;<\/p>\n\n\n\n<p>En el lugar, las activistas reprocharon la violencia que ejercen los padres, a quienes llamaron delincuentes, que se han mantenido ausentes no solo de manutenci\u00f3n de sus hijas, sino tambi\u00e9n del cuidado, protecci\u00f3n y amor que merecen cada una de ellas.&nbsp;&nbsp;<\/p>\n","protected":false},"excerpt":{"rendered":"<p>Evlin Arag\u00f3n\/Zona Roja. Oaxaca de Ju\u00e1rez, Oax., 21 de octubre de 2021.- Este jueves la&hellip;<\/p>\n","protected":false},"author":2,"featured_media":33407,"comment_status":"closed","ping_status":"open","sticky":false,"template":"","format":"standard","meta":{"_lmt_disableupdate":"","_lmt_disable":"","_jetpack_memberships_contains_paid_content":false,"footnotes":""},"categories":[109,47],"tags":[2831],"class_list":["post-33405","post","type-post","status-publish","format-standard","has-post-thumbnail","hentry","category-minuto-a-minuto","category-zona-gris","tag-tendedero-deudores-alimentarios"],"jetpack_featured_media_url":"https:\/\/zonaroja.com.mx\/wp-content\/uploads\/2021\/10\/Patrulla-feminista-y-tendedero-en-la-Cdmx.jpg","jetpack_sharing_enabled":true,"_links":{"self":[{"href":"https:\/\/zonaroja.com.mx\/index.php?rest_route=\/wp\/v2\/posts\/33405","targetHints":{"allow":["GET"]}}],"collection":[{"href":"https:\/\/zonaroja.com.mx\/index.php?rest_route=\/wp\/v2\/posts"}],"about":[{"href":"https:\/\/zonaroja.com.mx\/index.php?rest_route=\/wp\/v2\/types\/post"}],"author":[{"embeddable":true,"href":"https:\/\/zonaroja.com.mx\/index.php?rest_route=\/wp\/v2\/users\/2"}],"replies":[{"embeddable":true,"href":"https:\/\/zonaroja.com.mx\/index.php?rest_route=%2Fwp%2Fv2%2Fcomments&post=33405"}],"version-history":[{"count":1,"href":"https:\/\/zonaroja.com.mx\/index.php?rest_route=\/wp\/v2\/posts\/33405\/revisions"}],"predecessor-version":[{"id":33408,"href":"https:\/\/zonaroja.com.mx\/index.php?rest_route=\/wp\/v2\/posts\/33405\/revisions\/33408"}],"wp:featuredmedia":[{"embeddable":true,"href":"https:\/\/zonaroja.com.mx\/index.php?rest_route=\/wp\/v2\/media\/33407"}],"wp:attachment":[{"href":"https:\/\/zonaroja.com.mx\/index.php?rest_route=%2Fwp%2Fv2%2Fmedia&parent=33405"}],"wp:term":[{"taxonomy":"category","embeddable":true,"href":"https:\/\/zonaroja.com.mx\/index.php?rest_route=%2Fwp%2Fv2%2Fcategories&post=33405"},{"taxonomy":"post_tag","embeddable":true,"href":"https:\/\/zonaroja.com.mx\/index.php?rest_route=%2Fwp%2Fv2%2Ftags&post=33405"}],"curies":[{"name":"wp","href":"https:\/\/api.w.org\/{rel}","templated":true}]}}