{"id":33409,"date":"2021-10-22T08:37:54","date_gmt":"2021-10-22T13:37:54","guid":{"rendered":"http:\/\/www.zonaroja.com.mx\/?p=33409"},"modified":"2021-10-21T22:11:57","modified_gmt":"2021-10-22T03:11:57","slug":"pide-diputada-exhortar-a-congreso-de-la-union-aprobar-reforma-electrica-de-amlo","status":"publish","type":"post","link":"https:\/\/zonaroja.com.mx\/?p=33409","title":{"rendered":"Pide diputada exhortar a Congreso de la Uni\u00f3n aprobar reforma el\u00e9ctrica de AMLO"},"content":{"rendered":"\n<p>Redacci\u00f3n\/Zona Roja.<\/p>\n\n\n\n<p>Oaxaca de Ju\u00e1rez, Oax., 22 de octubre de 2021.- En el marco de la discusi\u00f3n nacional y ante la oposici\u00f3n de organismos empresariales nacionales y extranjeros, la diputada local Magaly L\u00f3pez Dom\u00ednguez propuso que la 64 Legislatura emita un exhorto al Congreso de la Uni\u00f3n, a fin de que se apruebe la reforma el\u00e9ctrica como lo plantea el Presidente Andr\u00e9s Manuel L\u00f3pez Obrador.<\/p>\n\n\n\n<p>La iniciativa la present\u00f3 la legisladora del Partido Morena este mi\u00e9rcoles durante la sesi\u00f3n de la Diputaci\u00f3n Permante, en que detall\u00f3 que fue el 1 de octubre pasado en que el mandatario mexicano envi\u00f3 al Congreso de la Uni\u00f3n su propuesta de reforma constitucional para fortalecer a la Comisi\u00f3n Federal de Electricidad (CFE) y establecer que el litio solo pertenece a los mexicanos.<\/p>\n\n\n\n<p>Sin embargo, de inmediato se pronunciaron en contra diversos actores empresariales, como la Coparmex, el Consejo Coordinador Empresarial, la Concam\u00edn y la Canacintra, al igual que la agencia calificadora Moody\u2019s.<\/p>\n\n\n\n<p>\u201cDe acuerdo con esas voces, tanto empresariales como de partidos opositores, con esa reforma vendr\u00e1 una cat\u00e1strofe para el pa\u00eds. Dicen que va a haber desabasto, que va a haber apagones, que van a subir las tarifas de luz, que se va a empobrecer todav\u00eda m\u00e1s a las mexicanas y los mexicanos.<\/p>\n\n\n\n<p>\u201cEl presidente ya ha explicado que la reforma busca rescatar y fortalecer a la CFE, garantizar la seguridad energ\u00e9tica del pa\u00eds, y que haya electricidad a menor costo para las y los mexicanos: que todas y todos podamos tener acceso a electricidad y a mejores precios\u201d, manifest\u00f3 en tribuna.<\/p>\n\n\n\n<figure class=\"wp-block-embed-twitter wp-block-embed is-type-rich is-provider-twitter\"><div class=\"wp-block-embed__wrapper\">\n<div class=\"twitter-tweet\"><blockquote class=\"twitter-tweet\" data-lang=\"es\"><p lang=\"es\" dir=\"ltr\">En la sesi\u00f3n de la Diputaci\u00f3n Permanente del <a href=\"https:\/\/twitter.com\/CongresoOaxLXIV?ref_src=twsrc%5Etfw\">@CongresoOaxLXIV<\/a> de ayer, la diputada local por Morena, <a href=\"https:\/\/twitter.com\/Magaly_LopezOax?ref_src=twsrc%5Etfw\">@Magaly_LopezOax<\/a>, propuso ayer se emita un exhorto al Congreso de la Uni\u00f3n, a fin de que apruebe la reforma el\u00e9ctrica como la plante\u00f3 el Presidente Andr\u00e9s Manuel L\u00f3pez Obrador. <a href=\"https:\/\/t.co\/CIt8Y3XLqW\">pic.twitter.com\/CIt8Y3XLqW<\/a><\/p>&mdash; Zona Roja Oaxaca (@Zona_Roja_Oax) <a href=\"https:\/\/twitter.com\/Zona_Roja_Oax\/status\/1451189250708307977?ref_src=twsrc%5Etfw\">21 de octubre de 2021<\/a><\/blockquote><\/div>\n<\/div><\/figure>\n\n\n\n<p>L\u00f3pez Dom\u00ednguez a\u00f1adi\u00f3 que, de acuerdo con la iniciativa presidencial, con la reforma, la CFE ser\u00e1 la encargada de producir y despachar el 56 por ciento de la energ\u00eda que se genera en el pa\u00eds, dejando que el sector privado pueda participar hasta en un 46 por ciento. Tambi\u00e9n desaparecer\u00e1n las subsidiarias anteriores de la CFE, para quedar un solo organismo que ser\u00e1 el encargado de la generaci\u00f3n, distribuci\u00f3n y administraci\u00f3n de la energ\u00eda el\u00e9ctrica que se produce.<\/p>\n\n\n\n<p>Asimismo, seg\u00fan la informaci\u00f3n del Gobierno de M\u00e9xico, la CFE se fortalecer\u00e1 a trav\u00e9s de la desaparici\u00f3n de los contratos conocidos como de autoabastecimiento, que beneficiaba a las grandes empresas porque no pagaban porteo ni se prorrateaba para ellos el costo de la transmisi\u00f3n de la energ\u00eda. As\u00ed, las grandes cadenas comerciales o tiendas de autoservicio tendr\u00e1n que adquirir la energ\u00eda a la CFE.<\/p>\n\n\n\n<p>En otro aspecto de la reforma, los minerales considerados como estrat\u00e9gicos, entre ellos el litio, no ser\u00e1n concesionados, por lo que ser\u00e1 el Estado el que intervendr\u00e1 en su exploraci\u00f3n y explotaci\u00f3n.<\/p>\n\n\n\n<p>\u201cPresentada la iniciativa, ahora est\u00e1 en manos del Congreso de la Uni\u00f3n el aprobar estas enmiendas constitucionales, que deben convertirse en un parteaguas para garantizar la soberan\u00eda nacional. Para que salga adelante, se necesitan dos tercios del Senado y de la C\u00e1mara de Diputados\u201d, agreg\u00f3 la diputada local.<\/p>\n\n\n\n<p>Por ello, present\u00f3 su propuesta, que consiste en exhortar a ambas c\u00e1maras del Congreso de la Uni\u00f3n, para que aprueben las reformas constitucionales en los t\u00e9rminos en que fueron propuestas por el presidente Andr\u00e9s Manuel L\u00f3pez Obrador.<\/p>\n\n\n\n<p>\u201cEsto, compa\u00f1eras y compa\u00f1eros, ser\u00e1 un acto de justicia con el pueblo de M\u00e9xico, que garantizar\u00e1 la soberan\u00eda energ\u00e9tica de nuestra patria\u201d, recalc\u00f3.<\/p>\n","protected":false},"excerpt":{"rendered":"<p>Redacci\u00f3n\/Zona Roja. Oaxaca de Ju\u00e1rez, Oax., 22 de octubre de 2021.- En el marco de&hellip;<\/p>\n","protected":false},"author":2,"featured_media":5718,"comment_status":"closed","ping_status":"open","sticky":false,"template":"","format":"standard","meta":{"_lmt_disableupdate":"","_lmt_disable":"","_jetpack_memberships_contains_paid_content":false,"footnotes":""},"categories":[109,46],"tags":[192],"class_list":["post-33409","post","type-post","status-publish","format-standard","has-post-thumbnail","hentry","category-minuto-a-minuto","category-zona-blanca","tag-diputada-magaly-lopez-dominguez"],"jetpack_featured_media_url":"https:\/\/zonaroja.com.mx\/wp-content\/uploads\/2019\/11\/Magaly-L\u00f3pez-D..jpg","jetpack_sharing_enabled":true,"_links":{"self":[{"href":"https:\/\/zonaroja.com.mx\/index.php?rest_route=\/wp\/v2\/posts\/33409","targetHints":{"allow":["GET"]}}],"collection":[{"href":"https:\/\/zonaroja.com.mx\/index.php?rest_route=\/wp\/v2\/posts"}],"about":[{"href":"https:\/\/zonaroja.com.mx\/index.php?rest_route=\/wp\/v2\/types\/post"}],"author":[{"embeddable":true,"href":"https:\/\/zonaroja.com.mx\/index.php?rest_route=\/wp\/v2\/users\/2"}],"replies":[{"embeddable":true,"href":"https:\/\/zonaroja.com.mx\/index.php?rest_route=%2Fwp%2Fv2%2Fcomments&post=33409"}],"version-history":[{"count":2,"href":"https:\/\/zonaroja.com.mx\/index.php?rest_route=\/wp\/v2\/posts\/33409\/revisions"}],"predecessor-version":[{"id":33414,"href":"https:\/\/zonaroja.com.mx\/index.php?rest_route=\/wp\/v2\/posts\/33409\/revisions\/33414"}],"wp:featuredmedia":[{"embeddable":true,"href":"https:\/\/zonaroja.com.mx\/index.php?rest_route=\/wp\/v2\/media\/5718"}],"wp:attachment":[{"href":"https:\/\/zonaroja.com.mx\/index.php?rest_route=%2Fwp%2Fv2%2Fmedia&parent=33409"}],"wp:term":[{"taxonomy":"category","embeddable":true,"href":"https:\/\/zonaroja.com.mx\/index.php?rest_route=%2Fwp%2Fv2%2Fcategories&post=33409"},{"taxonomy":"post_tag","embeddable":true,"href":"https:\/\/zonaroja.com.mx\/index.php?rest_route=%2Fwp%2Fv2%2Ftags&post=33409"}],"curies":[{"name":"wp","href":"https:\/\/api.w.org\/{rel}","templated":true}]}}