{"id":33411,"date":"2021-10-21T21:08:10","date_gmt":"2021-10-22T02:08:10","guid":{"rendered":"http:\/\/www.zonaroja.com.mx\/?p=33411"},"modified":"2021-10-21T21:15:51","modified_gmt":"2021-10-22T02:15:51","slug":"detienen-a-un-probable-homicida-de-ex-edil-panista-de-ejutla-leonardo-diaz","status":"publish","type":"post","link":"https:\/\/zonaroja.com.mx\/?p=33411","title":{"rendered":"Detienen a un probable homicida de ex edil panista de Ejutla, Leonardo D\u00edaz"},"content":{"rendered":"\n<p>Redacci\u00f3n\/Zona Roja.<\/p>\n\n\n\n<p>Oaxaca de Ju\u00e1rez, Oax., 21 de octubre de 2021.- La Fiscal\u00eda General del Estado de Oaxaca (FGEO) aprehendi\u00f3 a una persona como probable responsable del asesinato del ex edil de Ejutla de Crespo, Leonardo D\u00edaz Cruz.<\/p>\n\n\n\n<p>En un comunicado de prensa, inform\u00f3 que la persona del sexo masculino detenida est\u00e1 identificada como E. R. V. y habr\u00eda participado en el crimen registrado en abril pasado a un costado de la avenida S\u00edmbolos Patrios, jurisdicci\u00f3n de San Antoni de la Cal.<\/p>\n\n\n\n<p>Expuso que el probable responsable fue aprehendido por Agentes Estatales de Investigaci\u00f3n este 21 de octubre de 2021 y presentado de forma inmediata ante la autoridad judicial que lo requiri\u00f3.<\/p>\n\n\n\n<p>De acuerdo con la carpeta de investigaci\u00f3n 12088\/FDAI\/UEIH\/2021, el 13 de abril de 2021, aproximadamente a las 14:30 horas, la v\u00edctima fue privada de la vida por disparos de arma de fuego cuando se encontraba en el estacionamiento de un establecimiento comercial ubicado en la Avenida S\u00edmbolos Patrios, Tercera Secci\u00f3n de San Antonio de la Cal.<\/p>\n\n\n\n<p>Agreg\u00f3 que en audiencia, el imputado se acogi\u00f3 al t\u00e9rmino constitucional ampliado, mismo que fenece el pr\u00f3ximo 26 de octubre, quedando en tanto en prisi\u00f3n preventiva.<\/p>\n\n\n\n<p>Leonardo D\u00edaz Cruz es padre de la dirigente del Partido Acci\u00f3n Nacional y pr\u00f3xima legisladora, Natividad D\u00edaz Jim\u00e9nez, as\u00ed como del actual edil de Ejutla y pr\u00f3ximo diputado local, Leonardo D\u00edaz Jim\u00e9nez,  y el presidente electo, Carlos D\u00edaz Jim\u00e9nez.<\/p>\n","protected":false},"excerpt":{"rendered":"<p>Redacci\u00f3n\/Zona Roja. Oaxaca de Ju\u00e1rez, Oax., 21 de octubre de 2021.- La Fiscal\u00eda General del&hellip;<\/p>\n","protected":false},"author":2,"featured_media":25918,"comment_status":"closed","ping_status":"open","sticky":false,"template":"","format":"standard","meta":{"_lmt_disableupdate":"","_lmt_disable":"","_jetpack_memberships_contains_paid_content":false,"footnotes":""},"categories":[109,47],"tags":[494],"class_list":["post-33411","post","type-post","status-publish","format-standard","has-post-thumbnail","hentry","category-minuto-a-minuto","category-zona-gris","tag-fiscalia-general-del-estado-de-oaxaca"],"jetpack_featured_media_url":"https:\/\/zonaroja.com.mx\/wp-content\/uploads\/2021\/04\/746f6422-040f-4ffb-a80d-6b9363c2a7eb-1.jpg","jetpack_sharing_enabled":true,"_links":{"self":[{"href":"https:\/\/zonaroja.com.mx\/index.php?rest_route=\/wp\/v2\/posts\/33411","targetHints":{"allow":["GET"]}}],"collection":[{"href":"https:\/\/zonaroja.com.mx\/index.php?rest_route=\/wp\/v2\/posts"}],"about":[{"href":"https:\/\/zonaroja.com.mx\/index.php?rest_route=\/wp\/v2\/types\/post"}],"author":[{"embeddable":true,"href":"https:\/\/zonaroja.com.mx\/index.php?rest_route=\/wp\/v2\/users\/2"}],"replies":[{"embeddable":true,"href":"https:\/\/zonaroja.com.mx\/index.php?rest_route=%2Fwp%2Fv2%2Fcomments&post=33411"}],"version-history":[{"count":2,"href":"https:\/\/zonaroja.com.mx\/index.php?rest_route=\/wp\/v2\/posts\/33411\/revisions"}],"predecessor-version":[{"id":33413,"href":"https:\/\/zonaroja.com.mx\/index.php?rest_route=\/wp\/v2\/posts\/33411\/revisions\/33413"}],"wp:featuredmedia":[{"embeddable":true,"href":"https:\/\/zonaroja.com.mx\/index.php?rest_route=\/wp\/v2\/media\/25918"}],"wp:attachment":[{"href":"https:\/\/zonaroja.com.mx\/index.php?rest_route=%2Fwp%2Fv2%2Fmedia&parent=33411"}],"wp:term":[{"taxonomy":"category","embeddable":true,"href":"https:\/\/zonaroja.com.mx\/index.php?rest_route=%2Fwp%2Fv2%2Fcategories&post=33411"},{"taxonomy":"post_tag","embeddable":true,"href":"https:\/\/zonaroja.com.mx\/index.php?rest_route=%2Fwp%2Fv2%2Ftags&post=33411"}],"curies":[{"name":"wp","href":"https:\/\/api.w.org\/{rel}","templated":true}]}}