{"id":33424,"date":"2021-10-22T07:33:06","date_gmt":"2021-10-22T12:33:06","guid":{"rendered":"http:\/\/www.zonaroja.com.mx\/?p=33424"},"modified":"2021-10-22T07:33:10","modified_gmt":"2021-10-22T12:33:10","slug":"accidente-vehicular-provoca-megaincendio-en-bodega-de-pinturas-en-oaxaca","status":"publish","type":"post","link":"https:\/\/zonaroja.com.mx\/?p=33424","title":{"rendered":"Accidente vehicular provoca megaincendio en bodega de pinturas en Oaxaca"},"content":{"rendered":"\n<p>Ismael Garc\u00eda M.\/Zona Roja.<\/p>\n\n\n\n<p>Oaxaca de Ju\u00e1rez, Oax., 22 de octubre de 2021.- El choque de un veh\u00edculo particular con el acceso a una tienda y bodega de pinturas en San Sebasti\u00e1n Tutla, Oaxaca, dej\u00f3 como saldo cuantiosos da\u00f1os materiales y hasta el momento no se reportan v\u00edctimas humanas.<\/p>\n\n\n\n<p>Minutos despu\u00e9s de la media noche, presuntamente por exceso de velocidad en la curva, una camioneta marca Mitsubishi, con placas de circulaci\u00f3n RX-95067, provoc\u00f3 que se fuera a impactar contra la tienda \u201cSayer Lack\u201d, ubicada en la avenida L\u00e1zaro C\u00e1rdenas, a unos metros del crucero del monumento a don Benito Ju\u00e1rez que se ubica en la carretera Internacional 190.<\/p>\n\n\n\n<p>De inmediato se origin\u00f3 el incendio, que alcanz\u00f3 varios metros de altura, tras lo cual arribaron elementos del Heroico Cuerpo de Bomberos, tanto de las oficinas centrales como de la estaci\u00f3n oriente y norte.<\/p>\n\n\n\n<figure class=\"wp-block-embed-twitter wp-block-embed is-type-rich is-provider-twitter\"><div class=\"wp-block-embed__wrapper\">\n<div class=\"twitter-tweet\"><blockquote class=\"twitter-tweet\" data-lang=\"es\"><p lang=\"es\" dir=\"ltr\">Da\u00f1os cuantiosos dej\u00f3 el incendio de una tienda y bodega de pinturas, ubicada en la avenida L\u00e1zaro C\u00e1rdenas, jurisdicci\u00f3n de San Sebasti\u00e1n Tutla, <a href=\"https:\/\/twitter.com\/hashtag\/Oaxaca?src=hash&amp;ref_src=twsrc%5Etfw\">#Oaxaca<\/a>, y que se registr\u00f3 en los primeros minutos de este viernes.<br>Unas cuatro horas tard\u00f3 <a href=\"https:\/\/twitter.com\/Bomberos_GobOax?ref_src=twsrc%5Etfw\">@Bomberos_GobOax<\/a> en sofocarlo. <a href=\"https:\/\/t.co\/BDfCSP8EeR\">pic.twitter.com\/BDfCSP8EeR<\/a><\/p>&mdash; Zona Roja Oaxaca (@Zona_Roja_Oax) <a href=\"https:\/\/twitter.com\/Zona_Roja_Oax\/status\/1451516878397091842?ref_src=twsrc%5Etfw\">22 de octubre de 2021<\/a><\/blockquote><\/div>\n<\/div><\/figure>\n\n\n\n<p>Tardaron unas cinco horas en sofocar el siniestro y de acuerdo con Bomberos, hasta el momento no se reportan v\u00edctimas, aunque no se ha esclarecido si el chofer de la camioneta fue detenido.<\/p>\n\n\n\n<p>Fueron m\u00e1s de 15 pipas de agua las que utilizaron y al amanecer el fuego fue controlado, pero removieron los escombros para evitar que el fuego se reactivara.<\/p>\n\n\n\n<p>Los da\u00f1os fueron valuados en varios millones, ya que la tienda colaps\u00f3 debido al incendio y en el interior se quemaron cuatro unidades de motor, adem\u00e1s de la camioneta que ocasion\u00f3 el accidente.<\/p>\n","protected":false},"excerpt":{"rendered":"<p>Ismael Garc\u00eda M.\/Zona Roja. Oaxaca de Ju\u00e1rez, Oax., 22 de octubre de 2021.- El choque&hellip;<\/p>\n","protected":false},"author":2,"featured_media":33425,"comment_status":"closed","ping_status":"open","sticky":false,"template":"","format":"standard","meta":{"_lmt_disableupdate":"","_lmt_disable":"","_jetpack_memberships_contains_paid_content":false,"footnotes":""},"categories":[109,47],"tags":[2925],"class_list":["post-33424","post","type-post","status-publish","format-standard","has-post-thumbnail","hentry","category-minuto-a-minuto","category-zona-gris","tag-incendio-tienda-de-pinturas-tutla"],"jetpack_featured_media_url":"https:\/\/zonaroja.com.mx\/wp-content\/uploads\/2021\/10\/Incendio-bodega.jpg","jetpack_sharing_enabled":true,"_links":{"self":[{"href":"https:\/\/zonaroja.com.mx\/index.php?rest_route=\/wp\/v2\/posts\/33424","targetHints":{"allow":["GET"]}}],"collection":[{"href":"https:\/\/zonaroja.com.mx\/index.php?rest_route=\/wp\/v2\/posts"}],"about":[{"href":"https:\/\/zonaroja.com.mx\/index.php?rest_route=\/wp\/v2\/types\/post"}],"author":[{"embeddable":true,"href":"https:\/\/zonaroja.com.mx\/index.php?rest_route=\/wp\/v2\/users\/2"}],"replies":[{"embeddable":true,"href":"https:\/\/zonaroja.com.mx\/index.php?rest_route=%2Fwp%2Fv2%2Fcomments&post=33424"}],"version-history":[{"count":1,"href":"https:\/\/zonaroja.com.mx\/index.php?rest_route=\/wp\/v2\/posts\/33424\/revisions"}],"predecessor-version":[{"id":33426,"href":"https:\/\/zonaroja.com.mx\/index.php?rest_route=\/wp\/v2\/posts\/33424\/revisions\/33426"}],"wp:featuredmedia":[{"embeddable":true,"href":"https:\/\/zonaroja.com.mx\/index.php?rest_route=\/wp\/v2\/media\/33425"}],"wp:attachment":[{"href":"https:\/\/zonaroja.com.mx\/index.php?rest_route=%2Fwp%2Fv2%2Fmedia&parent=33424"}],"wp:term":[{"taxonomy":"category","embeddable":true,"href":"https:\/\/zonaroja.com.mx\/index.php?rest_route=%2Fwp%2Fv2%2Fcategories&post=33424"},{"taxonomy":"post_tag","embeddable":true,"href":"https:\/\/zonaroja.com.mx\/index.php?rest_route=%2Fwp%2Fv2%2Ftags&post=33424"}],"curies":[{"name":"wp","href":"https:\/\/api.w.org\/{rel}","templated":true}]}}