{"id":33427,"date":"2021-10-22T07:54:39","date_gmt":"2021-10-22T12:54:39","guid":{"rendered":"http:\/\/www.zonaroja.com.mx\/?p=33427"},"modified":"2021-10-22T07:56:51","modified_gmt":"2021-10-22T12:56:51","slug":"asesinan-a-un-hombre-y-una-mujer-en-san-esteban-atatlahuca-oaxaca","status":"publish","type":"post","link":"https:\/\/zonaroja.com.mx\/?p=33427","title":{"rendered":"Asesinan a un hombre y una mujer en San Esteban Atatlahuca, Oaxaca"},"content":{"rendered":"\n<p>Redacci\u00f3n\/Zona Roja.<\/p>\n\n\n\n<p>Oaxaca de Ju\u00e1rez, Oax., 22 de octubre de 2021.- Dos personas fueron asesinadas este jueves en San Esteban Atatlahuca, Oaxaca, por disparos de arma de fuego. <\/p>\n\n\n\n<p>De acuerdo con reportes policiacos y confirmaci\u00f3n de la Fiscal\u00eda General del Estado, los hechos ocurrieron alrededor de las 15:00 horas de ayer, en la comunidad de Ndoyonuyuji.<\/p>\n\n\n\n<p>Las v\u00edctimas, que al parecer eran pareja, fueron identificadas \u00fanicamente con las iniciales R. Q. y R. R., de 50 y 70 a\u00f1os de edad respectivamente.<\/p>\n\n\n\n<p>En la zona han ocurrido diversos enfrentamientos por conflictos agrarios entre Guerrero Grande, Atatlahuca y Mier y Ter\u00e1n.<\/p>\n\n\n\n<p>El 8 de junio de este a\u00f1o fueron retenidos en dicho municipio alrededor de 15 elementos de la Guardia Nacional, que fueron puestos en libertad horas despu\u00e9s, bajo el compromiso de atender el problema agrario.<\/p>\n\n\n\n<p>Apenas el pasado domingo 1 de agosto, se registr\u00f3 una agresi\u00f3n armada por un grupo de personas a pobladores de la agencia municipal Guerrero Grande, quienes se encontraban realizando una asamblea, lo dej\u00f3 un saldo de una persona fallecida y siete lesionadas.<\/p>\n\n\n\n<p>El viernes 1 de octubre, ocurri\u00f3 otro hecho violento, en que dos personas resultaron heridas de bala y fueron incendiadas al menos 10 viviendas.<\/p>\n\n\n\n<p>Supuestamente la Secretar\u00eda General de Gobierno atiende el problema, mientras que la Guardia Nacional y la Polic\u00eda Estatal, mantienen operativos de vigilancia en la zona.<\/p>\n","protected":false},"excerpt":{"rendered":"<p>Redacci\u00f3n\/Zona Roja. Oaxaca de Ju\u00e1rez, Oax., 22 de octubre de 2021.- Dos personas fueron asesinadas&hellip;<\/p>\n","protected":false},"author":2,"featured_media":21043,"comment_status":"closed","ping_status":"open","sticky":false,"template":"","format":"standard","meta":{"_lmt_disableupdate":"","_lmt_disable":"","_jetpack_memberships_contains_paid_content":false,"footnotes":""},"categories":[109,51],"tags":[1025],"class_list":["post-33427","post","type-post","status-publish","format-standard","has-post-thumbnail","hentry","category-minuto-a-minuto","category-zona-roja","tag-san-esteban-atatlahuca"],"jetpack_featured_media_url":"https:\/\/zonaroja.com.mx\/wp-content\/uploads\/2020\/12\/San-Esteban-Atatlahuca.jpg","jetpack_sharing_enabled":true,"_links":{"self":[{"href":"https:\/\/zonaroja.com.mx\/index.php?rest_route=\/wp\/v2\/posts\/33427","targetHints":{"allow":["GET"]}}],"collection":[{"href":"https:\/\/zonaroja.com.mx\/index.php?rest_route=\/wp\/v2\/posts"}],"about":[{"href":"https:\/\/zonaroja.com.mx\/index.php?rest_route=\/wp\/v2\/types\/post"}],"author":[{"embeddable":true,"href":"https:\/\/zonaroja.com.mx\/index.php?rest_route=\/wp\/v2\/users\/2"}],"replies":[{"embeddable":true,"href":"https:\/\/zonaroja.com.mx\/index.php?rest_route=%2Fwp%2Fv2%2Fcomments&post=33427"}],"version-history":[{"count":2,"href":"https:\/\/zonaroja.com.mx\/index.php?rest_route=\/wp\/v2\/posts\/33427\/revisions"}],"predecessor-version":[{"id":33429,"href":"https:\/\/zonaroja.com.mx\/index.php?rest_route=\/wp\/v2\/posts\/33427\/revisions\/33429"}],"wp:featuredmedia":[{"embeddable":true,"href":"https:\/\/zonaroja.com.mx\/index.php?rest_route=\/wp\/v2\/media\/21043"}],"wp:attachment":[{"href":"https:\/\/zonaroja.com.mx\/index.php?rest_route=%2Fwp%2Fv2%2Fmedia&parent=33427"}],"wp:term":[{"taxonomy":"category","embeddable":true,"href":"https:\/\/zonaroja.com.mx\/index.php?rest_route=%2Fwp%2Fv2%2Fcategories&post=33427"},{"taxonomy":"post_tag","embeddable":true,"href":"https:\/\/zonaroja.com.mx\/index.php?rest_route=%2Fwp%2Fv2%2Ftags&post=33427"}],"curies":[{"name":"wp","href":"https:\/\/api.w.org\/{rel}","templated":true}]}}