{"id":33430,"date":"2021-10-22T08:11:49","date_gmt":"2021-10-22T13:11:49","guid":{"rendered":"http:\/\/www.zonaroja.com.mx\/?p=33430"},"modified":"2021-10-22T08:11:52","modified_gmt":"2021-10-22T13:11:52","slug":"congreso-elegira-hoy-a-magistrados-victimas-de-violencia-insisten-en-elecciones-justas","status":"publish","type":"post","link":"https:\/\/zonaroja.com.mx\/?p=33430","title":{"rendered":"Congreso elegir\u00e1 hoy a magistrados; v\u00edctimas de violencia insisten en elecciones justas"},"content":{"rendered":"\n<p>Evlin Arag\u00f3n\/Zona Roja.<\/p>\n\n\n\n<p>Oaxaca de Ju\u00e1rez, Oax., 22 de octubre de 2021.- Madres de v\u00edctimas de violencias patriarcales iniciaron una campa\u00f1a en las redes sociales para insistir en que la designaci\u00f3n de magistradas y magistrados no sea por \u201cdedazo\u201d en beneficio de personas con historial de malas pr\u00e1cticas dentro del servicio p\u00fablico.<\/p>\n\n\n\n<p>Lo anterior, debido a que este viernes se tiene programada la elecci\u00f3n, en una sesi\u00f3n extraordinaria del pleno de la 64 Legislatura del Congreso local, de quienes formar\u00e1n parte del Tribunal Superior de Justicia de Oaxaca (TSJO), y de acuerdo con las activistas deben mostrar empat\u00eda con las v\u00edctimas.&nbsp;&nbsp;&nbsp;<\/p>\n\n\n\n<p>\u201cExigimos a la Comisi\u00f3n de Administraci\u00f3n de Justicia y al Pleno de la LXIV Legislatura: Tribunales con magistrados y magistradas imparciales, honestas y justas\u201d, refiere uno de los gr\u00e1ficos compartidos en las redes sociales.&nbsp;<\/p>\n\n\n\n<p>Uno m\u00e1s hac\u00eda referencia a la presunta intervenci\u00f3n del mandatario estatal en la decisi\u00f3n final. \u201cEn la designaci\u00f3n de las nuevas magistraturas del TSJ. No al dedazo. El dedo de Dios no es el dedo de Alejandro Murat\u201d.&nbsp;<\/p>\n\n\n\n<p>Finalmente, en un tercero aseguran que la decisi\u00f3n al interior del Congreso repercutir\u00e1 no solo en las mujeres sino en la sociedad en general. \u201cDiputada y diputados de Oaxaca no a la designaci\u00f3n de magistrados o magistradas por DEDAZO. Justicia vs Impunidad. Si nos fallan a nosotras, las v\u00edctimas de la violencia patriarcal, le fallan a toda la sociedad.<\/p>\n\n\n\n<p>Las activistas, dentro de las que se encuentran la periodista Soledad Jarqu\u00edn Edgar y Zoila Bengochea, tambi\u00e9n entregaron una carta ante la Oficial\u00eda de Partes en donde pidieron a las y los diputados actuar con diligencia y no permitir m\u00e1s impunidad al interior del TSJO.&nbsp;<\/p>\n\n\n\n<p>Explicaron que, debido al clima de violencia feminicida que se vive en la entidad, es necesario que quienes imparten justicia tengan un compromiso real con las v\u00edctimas, la justicia, la verdad y la reparaci\u00f3n del da\u00f1o, de lo contrario no habr\u00e1 avance contundentes en la b\u00fasqueda de una vida libre de agresiones para las mujeres.&nbsp;<\/p>\n\n\n\n<p>En este sentido y de manera espec\u00edfica se han pronunciado en contra de la designaci\u00f3n de Alejandro Magno Gonz\u00e1lez Antonio, Juan Carlos D\u00edaz Carranza, Berenice Ram\u00edrez Jim\u00e9nez y Joanna Vasconcelos S\u00e1nchez.<\/p>\n\n\n\n<p>A dicha exigencia se uni\u00f3 Consorcio Oaxaca, organizaci\u00f3n feminista que detall\u00f3 que las magistraturas deben estar encabezadas por personas comprometidas con la justicia y el bien com\u00fan, a fin de combatir la impunidad que se ha convertido en el lastre de la sociedad actual.&nbsp;<\/p>\n\n\n\n<p>\u201cDiputadas y Diputados: est\u00e1 en sus manos NO permitir m\u00e1s impunidad, NO elegir estos perfiles que sin duda alguna corromper\u00e1n la acci\u00f3n del Tribunal Superior de Justicia. Es evidente su falta de compromiso con la V\u00edctimas, la Justicia, la Verdad y la Reparaci\u00f3n\u201d, refirieron en sus redes sociales.&nbsp;<\/p>\n\n\n\n<p>Es la Comisi\u00f3n de Administraci\u00f3n de Justicia, integrada por Elisa Zepeda Lagunas, Magaly L\u00f3pez Dom\u00ednguez, Karina Espino Carmona, Mar\u00eda Lilia Arcelia Mendoza Cruz y No\u00e9 Doroteo Castillejos, quienes ponen a consideraci\u00f3n del Pleno los perfiles mejores evaluados para su votaci\u00f3n.<\/p>\n","protected":false},"excerpt":{"rendered":"<p>Evlin Arag\u00f3n\/Zona Roja. Oaxaca de Ju\u00e1rez, Oax., 22 de octubre de 2021.- Madres de v\u00edctimas&hellip;<\/p>\n","protected":false},"author":2,"featured_media":33431,"comment_status":"closed","ping_status":"open","sticky":false,"template":"","format":"standard","meta":{"_lmt_disableupdate":"","_lmt_disable":"","_jetpack_memberships_contains_paid_content":false,"footnotes":""},"categories":[109,47],"tags":[213],"class_list":["post-33430","post","type-post","status-publish","format-standard","has-post-thumbnail","hentry","category-minuto-a-minuto","category-zona-gris","tag-64-legislatura-de-oaxaca"],"jetpack_featured_media_url":"https:\/\/zonaroja.com.mx\/wp-content\/uploads\/2021\/10\/Victimas-contra-designacion-de-magistrados.jpg","jetpack_sharing_enabled":true,"_links":{"self":[{"href":"https:\/\/zonaroja.com.mx\/index.php?rest_route=\/wp\/v2\/posts\/33430","targetHints":{"allow":["GET"]}}],"collection":[{"href":"https:\/\/zonaroja.com.mx\/index.php?rest_route=\/wp\/v2\/posts"}],"about":[{"href":"https:\/\/zonaroja.com.mx\/index.php?rest_route=\/wp\/v2\/types\/post"}],"author":[{"embeddable":true,"href":"https:\/\/zonaroja.com.mx\/index.php?rest_route=\/wp\/v2\/users\/2"}],"replies":[{"embeddable":true,"href":"https:\/\/zonaroja.com.mx\/index.php?rest_route=%2Fwp%2Fv2%2Fcomments&post=33430"}],"version-history":[{"count":1,"href":"https:\/\/zonaroja.com.mx\/index.php?rest_route=\/wp\/v2\/posts\/33430\/revisions"}],"predecessor-version":[{"id":33432,"href":"https:\/\/zonaroja.com.mx\/index.php?rest_route=\/wp\/v2\/posts\/33430\/revisions\/33432"}],"wp:featuredmedia":[{"embeddable":true,"href":"https:\/\/zonaroja.com.mx\/index.php?rest_route=\/wp\/v2\/media\/33431"}],"wp:attachment":[{"href":"https:\/\/zonaroja.com.mx\/index.php?rest_route=%2Fwp%2Fv2%2Fmedia&parent=33430"}],"wp:term":[{"taxonomy":"category","embeddable":true,"href":"https:\/\/zonaroja.com.mx\/index.php?rest_route=%2Fwp%2Fv2%2Fcategories&post=33430"},{"taxonomy":"post_tag","embeddable":true,"href":"https:\/\/zonaroja.com.mx\/index.php?rest_route=%2Fwp%2Fv2%2Ftags&post=33430"}],"curies":[{"name":"wp","href":"https:\/\/api.w.org\/{rel}","templated":true}]}}