{"id":33437,"date":"2021-10-22T08:24:17","date_gmt":"2021-10-22T13:24:17","guid":{"rendered":"http:\/\/www.zonaroja.com.mx\/?p=33437"},"modified":"2021-10-22T08:24:20","modified_gmt":"2021-10-22T13:24:20","slug":"educacion-pilar-para-el-desarrollo-de-oaxaca-francisco-angel-villarreal","status":"publish","type":"post","link":"https:\/\/zonaroja.com.mx\/?p=33437","title":{"rendered":"Educaci\u00f3n, pilar para el desarrollo de Oaxaca: Francisco \u00c1ngel Villarreal"},"content":{"rendered":"\n<p>Redacci\u00f3n\/Zona Roja.<\/p>\n\n\n\n<p>Oaxaca de Ju\u00e1rez, Oax., 22 de octubre de 2021.- Las maestras y maestros oaxaque\u00f1os permanentemente est\u00e1n pendientes de ver como mejoran las condiciones de aprendizaje de sus alumnos; y son quienes tienen en sus manos el futuro de nuestras ni\u00f1as, ni\u00f1os, adolescentes y j\u00f3venes, afirm\u00f3 el director general del Instituto Estatal de Educaci\u00f3n P\u00fablica de Oaxaca (IEEPO), Francisco \u00c1ngel Villarreal.<\/p>\n\n\n\n<p>Al iniciar en San Pedro Tapanatepec una gira de trabajo por comunidades del Istmo de Tehuantepec, como parte de la Jornada Estatal para el Di\u00e1logo y Consenso en Temas Educativos y entrega de mobiliario y equipo escolar, a nombre del gobernador Alejandro Murat Hinojosa, reconoci\u00f3 y agradeci\u00f3 la valiosa aportaci\u00f3n del magisterio, as\u00ed como su trabajo y esfuerzo.<\/p>\n\n\n\n<p>\u201cEn Oaxaca la educaci\u00f3n es el pilar para poder avanzar. Estamos formando las mentes, los esp\u00edritus, las almas, el coraz\u00f3n y los sentimientos de quienes van a estar al frente de todas las \u00e1reas, van a ser los m\u00e9dicos, ingenieros, artistas, abogados, todos esos especialistas que el Istmo, Oaxaca y M\u00e9xico requieren\u201d, puntualiz\u00f3.<\/p>\n\n\n\n<figure class=\"wp-block-embed-twitter wp-block-embed is-type-rich is-provider-twitter\"><div class=\"wp-block-embed__wrapper\">\n<div class=\"twitter-tweet\"><blockquote class=\"twitter-tweet\" data-lang=\"es\"><p lang=\"es\" dir=\"ltr\">\u201cEs importante que todas las maestras y maestros sepan que somos hermanos, que somos oaxaque\u00f1os\u201d, fue parte del mensaje del director del <a href=\"https:\/\/twitter.com\/IEEPOGobOax?ref_src=twsrc%5Etfw\">@IEEPOGobOax<\/a>, <a href=\"https:\/\/twitter.com\/VillarrealPaco?ref_src=twsrc%5Etfw\">@VillarrealPaco<\/a>, quien encabez\u00f3 hoy la entrega de mobiliario y equipo en San Pedro Tapanatepec. <a href=\"https:\/\/t.co\/7Q2I7B6DRl\">pic.twitter.com\/7Q2I7B6DRl<\/a><\/p>&mdash; Zona Roja Oaxaca (@Zona_Roja_Oax) <a href=\"https:\/\/twitter.com\/Zona_Roja_Oax\/status\/1451330066881957898?ref_src=twsrc%5Etfw\">21 de octubre de 2021<\/a><\/blockquote><\/div>\n<\/div><\/figure>\n\n\n\n<p>Acompa\u00f1ado del presidente municipal, Rufo Eder Soriano Gonz\u00e1lez; de la diputada local electa por el distrito 11 con cabecera en Mat\u00edas Romero Avenda\u00f1o, Guadalupe V\u00e1squez Cruz; de la directora de la Escuela Primaria \u201cBenito Ju\u00e1rez\u201d, Edilia Castillos Espinosa, as\u00ed como autoridades municipales actuales y electas, reiter\u00f3 que el di\u00e1logo ha sido fundamental para llegar a acuerdos consensados con los actores involucrados en el proceso educativo.<\/p>\n\n\n\n<p>En San Pedro Tapanatepec, Francisco \u00c1ngel Villarreal entreg\u00f3 mobiliario, equipo y material escolar a 56 escuelas de ocho municipios, entre ellas 18 preescolares generales; 33 primarias generales, una secundaria general, dos secundarias t\u00e9cnicas, una supervisi\u00f3n escolar y una supervisi\u00f3n de zona, en beneficio de cuatro mil 573 alumnos y alumnas y 323 docentes, con una inversi\u00f3n global de 3.1 millones de pesos.<\/p>\n\n\n\n<p>En su intervenci\u00f3n, la directora de la Escuela Primaria Benito Ju\u00e1rez y el presidente municipal de San Pedro Tapanatepec, reconocieron el apoyo recibido por el IEEPO para contar con materiales como pizarrones, banda de guerra, mobiliario y equipos de sonido, entre otros, que requieren las escuelas y que ser\u00e1n aprovechados por cada plantel.<\/p>\n\n\n\n<p>Por su parte, la diputada local electa, expres\u00f3 su agradecimiento por la atenci\u00f3n brindada y respuesta oportuna a la gesti\u00f3n que en su momento realiz\u00f3 en conjunto con las autoridades educativa, municipales y los padres de familia de la zona oriente del Istmo.<\/p>\n","protected":false},"excerpt":{"rendered":"<p>Redacci\u00f3n\/Zona Roja. Oaxaca de Ju\u00e1rez, Oax., 22 de octubre de 2021.- Las maestras y maestros&hellip;<\/p>\n","protected":false},"author":2,"featured_media":33434,"comment_status":"closed","ping_status":"open","sticky":false,"template":"","format":"standard","meta":{"_lmt_disableupdate":"","_lmt_disable":"","_jetpack_memberships_contains_paid_content":false,"footnotes":""},"categories":[109,46],"tags":[2837],"class_list":["post-33437","post","type-post","status-publish","format-standard","has-post-thumbnail","hentry","category-minuto-a-minuto","category-zona-blanca","tag-instituto-estatal-de-educacion-publica-de-oaxaca-ieepo"],"jetpack_featured_media_url":"https:\/\/zonaroja.com.mx\/wp-content\/uploads\/2021\/10\/05-IEEPO-1.jpg","jetpack_sharing_enabled":true,"_links":{"self":[{"href":"https:\/\/zonaroja.com.mx\/index.php?rest_route=\/wp\/v2\/posts\/33437","targetHints":{"allow":["GET"]}}],"collection":[{"href":"https:\/\/zonaroja.com.mx\/index.php?rest_route=\/wp\/v2\/posts"}],"about":[{"href":"https:\/\/zonaroja.com.mx\/index.php?rest_route=\/wp\/v2\/types\/post"}],"author":[{"embeddable":true,"href":"https:\/\/zonaroja.com.mx\/index.php?rest_route=\/wp\/v2\/users\/2"}],"replies":[{"embeddable":true,"href":"https:\/\/zonaroja.com.mx\/index.php?rest_route=%2Fwp%2Fv2%2Fcomments&post=33437"}],"version-history":[{"count":1,"href":"https:\/\/zonaroja.com.mx\/index.php?rest_route=\/wp\/v2\/posts\/33437\/revisions"}],"predecessor-version":[{"id":33438,"href":"https:\/\/zonaroja.com.mx\/index.php?rest_route=\/wp\/v2\/posts\/33437\/revisions\/33438"}],"wp:featuredmedia":[{"embeddable":true,"href":"https:\/\/zonaroja.com.mx\/index.php?rest_route=\/wp\/v2\/media\/33434"}],"wp:attachment":[{"href":"https:\/\/zonaroja.com.mx\/index.php?rest_route=%2Fwp%2Fv2%2Fmedia&parent=33437"}],"wp:term":[{"taxonomy":"category","embeddable":true,"href":"https:\/\/zonaroja.com.mx\/index.php?rest_route=%2Fwp%2Fv2%2Fcategories&post=33437"},{"taxonomy":"post_tag","embeddable":true,"href":"https:\/\/zonaroja.com.mx\/index.php?rest_route=%2Fwp%2Fv2%2Ftags&post=33437"}],"curies":[{"name":"wp","href":"https:\/\/api.w.org\/{rel}","templated":true}]}}