{"id":33440,"date":"2021-10-22T16:00:27","date_gmt":"2021-10-22T21:00:27","guid":{"rendered":"http:\/\/www.zonaroja.com.mx\/?p=33440"},"modified":"2021-10-22T16:00:30","modified_gmt":"2021-10-22T21:00:30","slug":"confirma-tribunal-federal-que-presidenta-de-fuerza-por-mexico-cometio-violencia-de-genero","status":"publish","type":"post","link":"https:\/\/zonaroja.com.mx\/?p=33440","title":{"rendered":"Confirma Tribunal federal que presidenta de Fuerza por M\u00e9xico cometi\u00f3 violencia de g\u00e9nero"},"content":{"rendered":"\n<p>Ismael Garc\u00eda M.\/Zona Roja.<\/p>\n\n\n\n<p>Oaxaca de Ju\u00e1rez, Oax., 22 de octubre de 2021.- La Sala Xalapa del Tribunal Electoral del Poder Judicial de la Federaci\u00f3n (TEPJF) confirm\u00f3 que la presidenta del Partido Fuerza por M\u00e9xico en Oaxaca, Salom\u00e9 Mart\u00ednez Salazar, cometi\u00f3 violencia pol\u00edtica en raz\u00f3n de g\u00e9nero.<\/p>\n\n\n\n<p>Adem\u00e1s, le impuso una amonestaci\u00f3n p\u00fablica y orden\u00f3 su inscripci\u00f3n al Registro de Personas Sancionadas por Violencia Pol\u00edtica en Raz\u00f3n de G\u00e9nero.<\/p>\n\n\n\n<p>Tambi\u00e9n, le instruy\u00f3 a Salom\u00e9 Mart\u00ednez entregar a la denunciante, Yvette Sonia Castellanos Ruiz, su cargo partidario, como secretaria de Organizaci\u00f3n.<\/p>\n\n\n\n<p>Fue el pasado 1 de octubre en que el Tribunal Electoral del Estado de Oaxaca analiz\u00f3 y determin\u00f3 en el expediente PES\/86\/2021, la sanci\u00f3n en contra de Salom\u00e9 Mart\u00ednez Salazar.<\/p>\n\n\n\n<p>El 9 de abril pasado, la denunciante present\u00f3 su queja ante la Comisi\u00f3n de Quejas y Denuncias del Instituto Estatal Electoral y de Participaci\u00f3n, por actos que consider\u00f3 podr\u00edan constituirse como violencia pol\u00edtica en raz\u00f3n de g\u00e9nero.<\/p>\n\n\n\n<p>El 10 de abril, el organismo se consider\u00f3 incompetente para determinar el caso por lo que lo rencauz\u00f3 hacia el TEEO; no obstante, este \u00faltimo regres\u00f3 el expediente al IEEPCO.<\/p>\n\n\n\n<p>Finalmente, el 17 de junio se llev\u00f3 a cabo la audiencia de pruebas y alegatos y el 17 de junio el \u00f3rgano determin\u00f3 cerrar el caso y remitirlo al Tribunal.<\/p>\n\n\n\n<p>Entre otros casos de violencia, a Yvette Sonia Castellanos le dijo la dirigente estatal: \u201cQue era una chamaca, que no sab\u00eda de asuntos pol\u00edticos y mucho menos ten\u00eda conocimiento ni la experiencia para llevar a cabo las funciones de la secretar\u00eda, que solamente la hab\u00edan utilizado para mantener el espacio y no cederlo ante sus adversarios, que dejara de entrometerse y que se dedicara a otra cosa, siempre gritando y utilizando palabras altisonantes, aduciendo que no sab\u00eda nada de pol\u00edtica y que no ten\u00eda capacidad para hacerlo\u201d.<\/p>\n\n\n\n<p>Adem\u00e1s, designaron a Marco Antonio Garc\u00eda Cruz en su lugar como subsecretario de Organizaci\u00f3n, para realizar funciones de titular, aduciendo Salom\u00e9 Mart\u00ednez:<\/p>\n\n\n\n<p>\u201cQue tu ineficacia no le permitir\u00eda avanzar en mis intereses personales dentro del partido y necesitaba un hombre que tuviera la capacidad y el talento que como mujer no ten\u00eda para sentarse y sentar a quien fuera necesario para realizar las funciones del encargo\u201d.<\/p>\n","protected":false},"excerpt":{"rendered":"<p>Ismael Garc\u00eda M.\/Zona Roja. Oaxaca de Ju\u00e1rez, Oax., 22 de octubre de 2021.- La Sala&hellip;<\/p>\n","protected":false},"author":2,"featured_media":33441,"comment_status":"closed","ping_status":"open","sticky":false,"template":"","format":"standard","meta":{"_lmt_disableupdate":"","_lmt_disable":"","_jetpack_memberships_contains_paid_content":false,"footnotes":""},"categories":[109,47],"tags":[2369],"class_list":["post-33440","post","type-post","status-publish","format-standard","has-post-thumbnail","hentry","category-minuto-a-minuto","category-zona-gris","tag-salome-martinez-salazar"],"jetpack_featured_media_url":"https:\/\/zonaroja.com.mx\/wp-content\/uploads\/2021\/10\/Salome-Martinez-Salazar-1.jpg","jetpack_sharing_enabled":true,"_links":{"self":[{"href":"https:\/\/zonaroja.com.mx\/index.php?rest_route=\/wp\/v2\/posts\/33440","targetHints":{"allow":["GET"]}}],"collection":[{"href":"https:\/\/zonaroja.com.mx\/index.php?rest_route=\/wp\/v2\/posts"}],"about":[{"href":"https:\/\/zonaroja.com.mx\/index.php?rest_route=\/wp\/v2\/types\/post"}],"author":[{"embeddable":true,"href":"https:\/\/zonaroja.com.mx\/index.php?rest_route=\/wp\/v2\/users\/2"}],"replies":[{"embeddable":true,"href":"https:\/\/zonaroja.com.mx\/index.php?rest_route=%2Fwp%2Fv2%2Fcomments&post=33440"}],"version-history":[{"count":1,"href":"https:\/\/zonaroja.com.mx\/index.php?rest_route=\/wp\/v2\/posts\/33440\/revisions"}],"predecessor-version":[{"id":33442,"href":"https:\/\/zonaroja.com.mx\/index.php?rest_route=\/wp\/v2\/posts\/33440\/revisions\/33442"}],"wp:featuredmedia":[{"embeddable":true,"href":"https:\/\/zonaroja.com.mx\/index.php?rest_route=\/wp\/v2\/media\/33441"}],"wp:attachment":[{"href":"https:\/\/zonaroja.com.mx\/index.php?rest_route=%2Fwp%2Fv2%2Fmedia&parent=33440"}],"wp:term":[{"taxonomy":"category","embeddable":true,"href":"https:\/\/zonaroja.com.mx\/index.php?rest_route=%2Fwp%2Fv2%2Fcategories&post=33440"},{"taxonomy":"post_tag","embeddable":true,"href":"https:\/\/zonaroja.com.mx\/index.php?rest_route=%2Fwp%2Fv2%2Ftags&post=33440"}],"curies":[{"name":"wp","href":"https:\/\/api.w.org\/{rel}","templated":true}]}}