{"id":33446,"date":"2021-10-22T19:10:58","date_gmt":"2021-10-23T00:10:58","guid":{"rendered":"http:\/\/www.zonaroja.com.mx\/?p=33446"},"modified":"2021-10-22T19:11:01","modified_gmt":"2021-10-23T00:11:01","slug":"un-ano-sin-zayra-un-ano-de-impunidad-nada-se-sabe-de-su-paradero","status":"publish","type":"post","link":"https:\/\/zonaroja.com.mx\/?p=33446","title":{"rendered":"Un a\u00f1o sin Zayra, un a\u00f1o de impunidad; nada se sabe de su paradero"},"content":{"rendered":"\n<p>Evlin Arag\u00f3n\/Zona Roja.<\/p>\n\n\n\n<p>Oaxaca de Ju\u00e1rez, Oax., 22 de octubre de 2021.- Un a\u00f1o, 12 meses, 365 d\u00edas han transcurrido desde aquel viernes 23 de octubre en el que Zayra Leticia Morales Loyola sali\u00f3 de su casa para no volver. <\/p>\n\n\n\n<p>La imagen de la \u00faltima vez que fue vista no se borra de la mente de su madre, que mes con mes ha exigido a las autoridades la b\u00fasqueda de su hija. Este viernes ser\u00eda su cumplea\u00f1os n\u00famero 30.<\/p>\n\n\n\n<p>La joven mujer desapareci\u00f3 en la agencia de Santa Mar\u00eda Xochixtlapilco, perteneciente al municipio de Huajuapan de Le\u00f3n. De acuerdo con los testimonios sali\u00f3 a cancelar un pedido de comida y nada se supo despu\u00e9s de su paradero.<\/p>\n\n\n\n<p>\u201cCada d\u00eda que paso te extra\u00f1o m\u00e1s, necesito que aparezcas pronto. No puedo dejar de pensar en ti cada d\u00eda que pasa\u2026Ojal\u00e1 puedas escucharme y entender la demora en encontrarte\u201d, son las sentidas palabras de Luz Mar\u00eda Loyola, madre de la joven.<\/p>\n\n\n\n<p>Cada mes y de manera puntual, do\u00f1a Luz Mar\u00eda publica un video en las redes sociales donde aprovecha para hablar con su hija, decirle lo mucho que la extra\u00f1a, que la sigue buscando, con todo y la desidia por parte de las autoridades de seguridad y procuraci\u00f3n de justicia.&nbsp;<\/p>\n\n\n\n<p>\u201cTe estamos buscando, te sigo y te seguir\u00e9 buscando. M\u00e1s all\u00e1 de intuir donde te tienen, es dif\u00edcil encontrarte mientras buscamos la ver. Todos los d\u00edas me vuelvo a pregunta d\u00f3nde est\u00e1s\u201d, refiri\u00f3 recientemente la afectada mujer.<\/p>\n\n\n\n<p>Y es que, para nadie es un secreto que la b\u00fasqueda de Zayra Leticia ha corrido por cuenta de su familia, como en muchos otros casos de mujeres desaparecidas, debido a la falta de acci\u00f3n institucional.&nbsp;<\/p>\n\n\n\n<p>Es por ello que la mujer no se cansa de solicitar ayuda de la ciudadan\u00eda para dar con el paradero de su hija. Ella mejor que nadie sabe que cualquier dato o indicio puede contribuir en la b\u00fasqueda emprendida.<\/p>\n\n\n\n<p>Zayra Leticia, quien se gradu\u00f3 de la licenciatura de Administraci\u00f3n de Empresas Tur\u00edsticas, es tambi\u00e9n madre de dos ni\u00f1os quienes a\u00fan no comprenden que fue exactamente lo que paso, porque de un d\u00eda para otros dejaron de tener a su madre al lado.&nbsp;<\/p>\n\n\n\n<p>El caso de la joven es investigado como una desaparici\u00f3n cometida por particulares y hasta el momento se ha identificado a tres presuntos participantes en los hechos; dos de ellos detenidos en diciembre del 2020 y uno m\u00e1s en febrero de este a\u00f1o, a quienes se les concedi\u00f3 el derecho de guardar silencio.&nbsp;<\/p>\n\n\n\n<p>Desde el momento de la denuncia y la conformaci\u00f3n de la Carpeta de Investigaci\u00f3n 32963\/FMIX\/HUAJUAPAN\/2020, la familia de la Zayra refiri\u00f3 una serie de inconsistencias, largos tiempos de espera y revictimizaci\u00f3n para la joven por parte de la Fiscal\u00eda de Oaxaca; adem\u00e1s responsabiliz\u00f3 al exfiscal Rub\u00e9n Vasconcelos por renunciar a su cargo y dejar investigaciones inconclusas.&nbsp;<\/p>\n\n\n\n<p>Por todo lo anterior integrantes de las colectivas Marea Verde Mixteca e Hijas de la Luna llevar\u00e1n a cabo una marcha, el pr\u00f3ximo s\u00e1bado 23 de octubre, que partir\u00e1 de la agencia de Santa Mar\u00eda Xochixtlapilco hasta el centro de la ciudad de Huajuapan, para exigir junto con la familia de la joven, su aparici\u00f3n con vida de manera inmediata.&nbsp;<\/p>\n\n\n\n<p>Adem\u00e1s, en la sede de la Fiscal\u00eda Especial de Delitos por Raz\u00f3n de G\u00e9nero, en la capital de Oaxaca, habr\u00e1 otra manifestaci\u00f3n para exigir la aparici\u00f3n con vida de la joven.<\/p>\n","protected":false},"excerpt":{"rendered":"<p>Evlin Arag\u00f3n\/Zona Roja. Oaxaca de Ju\u00e1rez, Oax., 22 de octubre de 2021.- Un a\u00f1o, 12&hellip;<\/p>\n","protected":false},"author":2,"featured_media":33447,"comment_status":"closed","ping_status":"open","sticky":false,"template":"","format":"standard","meta":{"_lmt_disableupdate":"","_lmt_disable":"","_jetpack_memberships_contains_paid_content":false,"footnotes":""},"categories":[109,47],"tags":[2146],"class_list":["post-33446","post","type-post","status-publish","format-standard","has-post-thumbnail","hentry","category-minuto-a-minuto","category-zona-gris","tag-zayra-leticia-morales-loyola"],"jetpack_featured_media_url":"https:\/\/zonaroja.com.mx\/wp-content\/uploads\/2021\/10\/Zayra-Leticia-Morales-Loyola.jpg","jetpack_sharing_enabled":true,"_links":{"self":[{"href":"https:\/\/zonaroja.com.mx\/index.php?rest_route=\/wp\/v2\/posts\/33446","targetHints":{"allow":["GET"]}}],"collection":[{"href":"https:\/\/zonaroja.com.mx\/index.php?rest_route=\/wp\/v2\/posts"}],"about":[{"href":"https:\/\/zonaroja.com.mx\/index.php?rest_route=\/wp\/v2\/types\/post"}],"author":[{"embeddable":true,"href":"https:\/\/zonaroja.com.mx\/index.php?rest_route=\/wp\/v2\/users\/2"}],"replies":[{"embeddable":true,"href":"https:\/\/zonaroja.com.mx\/index.php?rest_route=%2Fwp%2Fv2%2Fcomments&post=33446"}],"version-history":[{"count":1,"href":"https:\/\/zonaroja.com.mx\/index.php?rest_route=\/wp\/v2\/posts\/33446\/revisions"}],"predecessor-version":[{"id":33448,"href":"https:\/\/zonaroja.com.mx\/index.php?rest_route=\/wp\/v2\/posts\/33446\/revisions\/33448"}],"wp:featuredmedia":[{"embeddable":true,"href":"https:\/\/zonaroja.com.mx\/index.php?rest_route=\/wp\/v2\/media\/33447"}],"wp:attachment":[{"href":"https:\/\/zonaroja.com.mx\/index.php?rest_route=%2Fwp%2Fv2%2Fmedia&parent=33446"}],"wp:term":[{"taxonomy":"category","embeddable":true,"href":"https:\/\/zonaroja.com.mx\/index.php?rest_route=%2Fwp%2Fv2%2Fcategories&post=33446"},{"taxonomy":"post_tag","embeddable":true,"href":"https:\/\/zonaroja.com.mx\/index.php?rest_route=%2Fwp%2Fv2%2Ftags&post=33446"}],"curies":[{"name":"wp","href":"https:\/\/api.w.org\/{rel}","templated":true}]}}