{"id":33451,"date":"2021-10-22T21:18:35","date_gmt":"2021-10-23T02:18:35","guid":{"rendered":"http:\/\/www.zonaroja.com.mx\/?p=33451"},"modified":"2021-10-22T21:18:39","modified_gmt":"2021-10-23T02:18:39","slug":"identifican-a-los-dos-asesinados-en-atatlahuaca-una-es-mujer","status":"publish","type":"post","link":"https:\/\/zonaroja.com.mx\/?p=33451","title":{"rendered":"Identifican a los dos asesinados en Atatlahuaca; una es mujer"},"content":{"rendered":"\n<p>Ismael Garc\u00eda M.\/Zona Roja.<\/p>\n\n\n\n<p>Oaxaca de Ju\u00e1rez, Oax., 22 de octubre de 2021.- Como Remigio Gregorio Reyes Garc\u00eda,de 50 a\u00f1os de edad, y Rafaela Quiroz Sandoval, de 70 a\u00f1os, fueron identificadas las dos personas asesinadas ayer en Ndoyonuyuji, comunidad de San Esteban Atatlahuca.<\/p>\n\n\n\n<p>Adem\u00e1s, fueron quemadas \u201cdecenas\u201d de casas, inform\u00f3 en un comunicado el Comit\u00e9 de V\u00edctimas de la Comunidad de Guerrero Grande y el Comit\u00e9 en Defensa de los Derechos Humanos, que culp\u00f3 de los hechos violentos al Frente de Resistencia Ind\u00edgena de Juxtlahuaca.<\/p>\n\n\n\n<p>Detallaron que los hechos sucedieron ayer 21 de octubre aproximadamente a las 15:00 horas en Ndoyonuyji, \u201cen que los compa\u00f1eros fueron perseguidos hasta su domicilio y a traici\u00f3n por personas del Frente de Resistencia Ind\u00edgena.<\/p>\n\n\n\n<p>\u201cDebido a la manipulaci\u00f3n de los se\u00f1ores Salvador Bastante y Faustino Mart\u00ednez, fueron quemadas decenas de casas de compa\u00f1eros que no quieren formar parte de su grupo armado, asimismo, muchos de ellos han sido lesionados, los han desaparecido forzosamente y asesinado\u201d, expusieron.<\/p>\n\n\n\n<p>Recordaron que el pasado 1 de agosto fue asesinado un individuo y siete m\u00e1s resultaron lesionados; el 1 de octubre anterior fueron desaparecidos Romero Cruz Sandoval y Amalia Lim\u00f3n Xilitala, adem\u00e1s de que hubo quema de casas, robos y agresiones con armas de fuego.<\/p>\n\n\n\n<p>Adem\u00e1s, 150 familias de Guerrero Grande fueron desplazadas y actualmente se encuentran en la cabecera municipal de San Esteban Atatlahuca.<\/p>\n\n\n\n<p>Demandaron la actuaci\u00f3n inmediata de la Fiscal\u00eda General del Estado de Oaxaca y reparaci\u00f3n de da\u00f1os a las viviendas, as\u00ed como de pertenencias que se encontraban en los domicilios allanados.<\/p>\n\n\n\n<figure class=\"wp-block-image size-large\"><img decoding=\"async\" width=\"825\" height=\"1024\" src=\"http:\/\/www.zonaroja.com.mx\/wp-content\/uploads\/2021\/10\/Comunicado-caso-Atatlahuca-825x1024.jpg\" alt=\"\" class=\"wp-image-33453\" srcset=\"https:\/\/zonaroja.com.mx\/wp-content\/uploads\/2021\/10\/Comunicado-caso-Atatlahuca-825x1024.jpg 825w, https:\/\/zonaroja.com.mx\/wp-content\/uploads\/2021\/10\/Comunicado-caso-Atatlahuca-242x300.jpg 242w, https:\/\/zonaroja.com.mx\/wp-content\/uploads\/2021\/10\/Comunicado-caso-Atatlahuca-768x953.jpg 768w, https:\/\/zonaroja.com.mx\/wp-content\/uploads\/2021\/10\/Comunicado-caso-Atatlahuca-585x726.jpg 585w, https:\/\/zonaroja.com.mx\/wp-content\/uploads\/2021\/10\/Comunicado-caso-Atatlahuca.jpg 1031w\" sizes=\"(max-width: 825px) 100vw, 825px\" \/><\/figure>\n","protected":false},"excerpt":{"rendered":"<p>Ismael Garc\u00eda M.\/Zona Roja. Oaxaca de Ju\u00e1rez, Oax., 22 de octubre de 2021.- Como Remigio&hellip;<\/p>\n","protected":false},"author":2,"featured_media":33452,"comment_status":"closed","ping_status":"open","sticky":false,"template":"","format":"standard","meta":{"_lmt_disableupdate":"","_lmt_disable":"","_jetpack_memberships_contains_paid_content":false,"footnotes":""},"categories":[109,51],"tags":[1025],"class_list":["post-33451","post","type-post","status-publish","format-standard","has-post-thumbnail","hentry","category-minuto-a-minuto","category-zona-roja","tag-san-esteban-atatlahuca"],"jetpack_featured_media_url":"https:\/\/zonaroja.com.mx\/wp-content\/uploads\/2021\/10\/Ndoyonuyuji-Atatlahuca.jpg","jetpack_sharing_enabled":true,"_links":{"self":[{"href":"https:\/\/zonaroja.com.mx\/index.php?rest_route=\/wp\/v2\/posts\/33451","targetHints":{"allow":["GET"]}}],"collection":[{"href":"https:\/\/zonaroja.com.mx\/index.php?rest_route=\/wp\/v2\/posts"}],"about":[{"href":"https:\/\/zonaroja.com.mx\/index.php?rest_route=\/wp\/v2\/types\/post"}],"author":[{"embeddable":true,"href":"https:\/\/zonaroja.com.mx\/index.php?rest_route=\/wp\/v2\/users\/2"}],"replies":[{"embeddable":true,"href":"https:\/\/zonaroja.com.mx\/index.php?rest_route=%2Fwp%2Fv2%2Fcomments&post=33451"}],"version-history":[{"count":1,"href":"https:\/\/zonaroja.com.mx\/index.php?rest_route=\/wp\/v2\/posts\/33451\/revisions"}],"predecessor-version":[{"id":33454,"href":"https:\/\/zonaroja.com.mx\/index.php?rest_route=\/wp\/v2\/posts\/33451\/revisions\/33454"}],"wp:featuredmedia":[{"embeddable":true,"href":"https:\/\/zonaroja.com.mx\/index.php?rest_route=\/wp\/v2\/media\/33452"}],"wp:attachment":[{"href":"https:\/\/zonaroja.com.mx\/index.php?rest_route=%2Fwp%2Fv2%2Fmedia&parent=33451"}],"wp:term":[{"taxonomy":"category","embeddable":true,"href":"https:\/\/zonaroja.com.mx\/index.php?rest_route=%2Fwp%2Fv2%2Fcategories&post=33451"},{"taxonomy":"post_tag","embeddable":true,"href":"https:\/\/zonaroja.com.mx\/index.php?rest_route=%2Fwp%2Fv2%2Ftags&post=33451"}],"curies":[{"name":"wp","href":"https:\/\/api.w.org\/{rel}","templated":true}]}}