{"id":33455,"date":"2021-10-22T21:27:11","date_gmt":"2021-10-23T02:27:11","guid":{"rendered":"http:\/\/www.zonaroja.com.mx\/?p=33455"},"modified":"2021-10-22T21:27:14","modified_gmt":"2021-10-23T02:27:14","slug":"oaxaca-en-semaforo-verde-y-covid-en-rojo-hoy-188-contagios-y-ocho-decesos","status":"publish","type":"post","link":"https:\/\/zonaroja.com.mx\/?p=33455","title":{"rendered":"Oaxaca en sem\u00e1foro verde y Covid en rojo: hoy 188 contagios y ocho decesos"},"content":{"rendered":"\n<p>Redacci\u00f3n\/Zona Roja.<\/p>\n\n\n\n<p>Oaxaca de Ju\u00e1rez, Oax. 22 de octubre de 2021.- Al corte de este viernes, se han contabilizado 188 casos nuevos y ocho defunciones, que suman 80 mil 783 casos de Covid-19 acumulados y cinco mil 410 decesos, hay 587 casos activos en 97 municipios.<\/p>\n\n\n\n<p>Ante este panorama, la instituci\u00f3n exhorta a todos los prestadores de servicios tur\u00edsticos, mercados y poblaci\u00f3n en general, a continuar con las medidas sanitarias ya establecidas como el uso correcto del cubrebocas, mantener la sana distancia de 1.5 metros y lavarse las manos con agua y jab\u00f3n o usar alcohol en gel al 70%, as\u00ed como evitar las reuniones o eventos masivos para transitar a la nueva normalidad y no retroceder en el sem\u00e1foro epid\u00e9mico.<\/p>\n\n\n\n<p>Dentro del panorama Jurisdiccional, Valles Centrales contabiliza 49 mil 031 casos confirmados y dos mil 401 muertes, Istmo 11 mil 543 casos acumulados y mil 176 defunciones, Tuxtepec cinco mil 418 casos acumulados y 532 fallecimientos, Costa cinco mil 737 casos confirmados y 458 defunciones, Mixteca seis mil 201 casos confirmados y 554 muertes y la Sierra dos mil 853 casos acumulados y 289 fallecimientos.<\/p>\n\n\n\n<p>Los 188 casos nuevos afectan a 56 municipios, siendo los principales Oaxaca de Ju\u00e1rez con 58, seguido de Uni\u00f3n Hidalgo con 13, San Juan Bautista Tuxtepec 11, Miahuatl\u00e1n de Porfirio D\u00edaz y Santa Cruz Xoxocotl\u00e1n nueve cada uno, Huajuapan de Le\u00f3n y Salina Cruz seis cada uno, Santa Mar\u00eda Atzompa y Santiago Pinotepa Nacional cinco cada uno, San Antonio de la Cal, Santa Mar\u00eda Pe\u00f1oles y Villa Talea de Castro tres cada uno, el resto de dos a un solo caso.<\/p>\n\n\n\n<figure class=\"wp-block-embed-twitter wp-block-embed is-type-rich is-provider-twitter\"><div class=\"wp-block-embed__wrapper\">\n<div class=\"twitter-tweet\"><blockquote class=\"twitter-tweet\" data-lang=\"es\"><p lang=\"es\" dir=\"ltr\"><a href=\"https:\/\/twitter.com\/hashtag\/%C3%9AltimoMinuto?src=hash&amp;ref_src=twsrc%5Etfw\">#\u00daltimoMinuto<\/a><br>Este es el reporte de casos Covid este viernes, por parte de los Servicios de Salud de Oaxaca:<br>188 casos positivos, para un total de 80 mil 783 casos confirmados.<br>8 defunciones, que suman 5 mil 410 decesos.<br>5 nosocomios saturados.<br>34.8% de ocupaci\u00f3n hospitalaria. <a href=\"https:\/\/t.co\/UyDuqB22qy\">pic.twitter.com\/UyDuqB22qy<\/a><\/p>&mdash; Zona Roja Oaxaca (@Zona_Roja_Oax) <a href=\"https:\/\/twitter.com\/Zona_Roja_Oax\/status\/1451726938054201350?ref_src=twsrc%5Etfw\">23 de octubre de 2021<\/a><\/blockquote><\/div>\n<\/div><\/figure>\n\n\n\n<p>Este d\u00eda se contabilizan seis mil 578 trabajadores del sector Salud que se han contagiado por el SARS-CoV-2, de los cuales mil 882 son m\u00e9dicos, dos mil 458 es personal de enfermer\u00eda y dos mil 238 de otras \u00e1reas.<\/p>\n\n\n\n<p>De las cinco mil 410 defunciones, tres mil 440 son hombres y mil 970 mujeres, los rangos de edad m\u00e1s afectados son los de 65 y m\u00e1s con dos mil 508, seguido de 50 a 59 con mil 148, de 60 a 64 con 750, las comorbilidades asociadas son la hipertensi\u00f3n arterial, diabetes, obesidad e insuficiencia renal.<\/p>\n\n\n\n<p>La red hospitalaria global para la atenci\u00f3n de la pandemia por COVID-19, es del 34.8%, con cinco hospitales al 100% de su capacidad, hay cinco personas que ingresaron en las \u00faltimas 24 horas a la red m\u00e9dica. De las 420 camas destinadas para la atenci\u00f3n de la pandemia, hay 274 disponibles.<\/p>\n\n\n\n<p>Por Jurisdicci\u00f3n Sanitaria, el Istmo registra un 46.5% seguido de Tuxtepec con 41.2%, Valles Centrales 33.2%, Costa 31.4%, y Mixteca 25.7%.<\/p>\n\n\n\n<p>Ante cualquier s\u00edntoma de la enfermedad, pueden acudir a los cinco centros de valoraci\u00f3n de primer contacto, ubicados en los hospitales general de zona 1 del IMSS, Regional Presidente Ju\u00e1rez del ISSSTE, General Dr. Aurelio Valdivieso, Regional de Alta Especialidad de Oaxaca y el Centro de Salud Urbano 1 y ante una emergencia pueden llamar al 911.<\/p>\n","protected":false},"excerpt":{"rendered":"<p>Redacci\u00f3n\/Zona Roja. Oaxaca de Ju\u00e1rez, Oax. 22 de octubre de 2021.- Al corte de este&hellip;<\/p>\n","protected":false},"author":2,"featured_media":33456,"comment_status":"closed","ping_status":"open","sticky":false,"template":"","format":"standard","meta":{"_lmt_disableupdate":"","_lmt_disable":"","_jetpack_memberships_contains_paid_content":false,"footnotes":""},"categories":[109,47],"tags":[1512],"class_list":["post-33455","post","type-post","status-publish","format-standard","has-post-thumbnail","hentry","category-minuto-a-minuto","category-zona-gris","tag-coronavirus-oaxaca"],"jetpack_featured_media_url":"https:\/\/zonaroja.com.mx\/wp-content\/uploads\/2021\/10\/GRAFICA-SS0-1.jpg","jetpack_sharing_enabled":true,"_links":{"self":[{"href":"https:\/\/zonaroja.com.mx\/index.php?rest_route=\/wp\/v2\/posts\/33455","targetHints":{"allow":["GET"]}}],"collection":[{"href":"https:\/\/zonaroja.com.mx\/index.php?rest_route=\/wp\/v2\/posts"}],"about":[{"href":"https:\/\/zonaroja.com.mx\/index.php?rest_route=\/wp\/v2\/types\/post"}],"author":[{"embeddable":true,"href":"https:\/\/zonaroja.com.mx\/index.php?rest_route=\/wp\/v2\/users\/2"}],"replies":[{"embeddable":true,"href":"https:\/\/zonaroja.com.mx\/index.php?rest_route=%2Fwp%2Fv2%2Fcomments&post=33455"}],"version-history":[{"count":1,"href":"https:\/\/zonaroja.com.mx\/index.php?rest_route=\/wp\/v2\/posts\/33455\/revisions"}],"predecessor-version":[{"id":33457,"href":"https:\/\/zonaroja.com.mx\/index.php?rest_route=\/wp\/v2\/posts\/33455\/revisions\/33457"}],"wp:featuredmedia":[{"embeddable":true,"href":"https:\/\/zonaroja.com.mx\/index.php?rest_route=\/wp\/v2\/media\/33456"}],"wp:attachment":[{"href":"https:\/\/zonaroja.com.mx\/index.php?rest_route=%2Fwp%2Fv2%2Fmedia&parent=33455"}],"wp:term":[{"taxonomy":"category","embeddable":true,"href":"https:\/\/zonaroja.com.mx\/index.php?rest_route=%2Fwp%2Fv2%2Fcategories&post=33455"},{"taxonomy":"post_tag","embeddable":true,"href":"https:\/\/zonaroja.com.mx\/index.php?rest_route=%2Fwp%2Fv2%2Ftags&post=33455"}],"curies":[{"name":"wp","href":"https:\/\/api.w.org\/{rel}","templated":true}]}}