{"id":33458,"date":"2021-10-22T22:26:31","date_gmt":"2021-10-23T03:26:31","guid":{"rendered":"http:\/\/www.zonaroja.com.mx\/?p=33458"},"modified":"2021-10-22T22:26:35","modified_gmt":"2021-10-23T03:26:35","slug":"colectivos-feministas-exigen-a-salomon-jara-no-lucrar-con-temas-de-genero","status":"publish","type":"post","link":"https:\/\/zonaroja.com.mx\/?p=33458","title":{"rendered":"Colectivos feministas exigen a Salom\u00f3n Jara no lucrar con temas de g\u00e9nero"},"content":{"rendered":"\n<p>Redacci\u00f3n\/Zona Roja.<\/p>\n\n\n\n<p>Oaxaca de Ju\u00e1rez, Oax., 22 de octubre de 2021.- Colectivos feministas se pronunciaron esta tarde en contra del senador por Morena, Salom\u00f3n Jara Cruz, a quien acusaron de lucrar con temas de violencia de g\u00e9nero.<\/p>\n\n\n\n<p>En la explanada del templo de Santo Domingo de Guzm\u00e1n, Centro Hist\u00f3rico de la capital, leyeron un pronunciamiento, en que pidieron al legislador por el Partido Morena, no proteger tambi\u00e9n a Lizbeth V. H., ex presidenta municipal de Asunci\u00f3n Nochixtl\u00e1n, acusada del probable crimen de la activista Claudia Uruchurtu.<\/p>\n\n\n\n<p>\u201cEn los \u00faltimos d\u00edas nos hemos percatado de actores que se dicen ser pol\u00edticos, haci\u00e9ndose publicidad con temas sumamente delicados\u201d, por lo que demandaron a las autoridades que presten a ello y no se presten a la manipulaci\u00f3n pol\u00edtica.<\/p>\n\n\n\n<p>\u201cHay buitres carro\u00f1eros, como lo son el senador de la Rep\u00fablica, Salom\u00f3n Jara, ya que hemos visto que en los \u00faltimos d\u00edas sale a pronunciarse a favor de la protecci\u00f3n de la vida de las mujeres.<\/p>\n\n\n\n<figure class=\"wp-block-embed-twitter wp-block-embed is-type-rich is-provider-twitter\"><div class=\"wp-block-embed__wrapper\">\n<div class=\"twitter-tweet\"><blockquote class=\"twitter-tweet\" data-lang=\"es\"><p lang=\"es\" dir=\"ltr\"><a href=\"https:\/\/twitter.com\/hashtag\/%C3%9AltimoMinuto?src=hash&amp;ref_src=twsrc%5Etfw\">#\u00daltimoMinuto<\/a> <br>Este es parte del mensaje que dieron hoy colectivos feministas en la ciudad de <a href=\"https:\/\/twitter.com\/hashtag\/Oaxaca?src=hash&amp;ref_src=twsrc%5Etfw\">#Oaxaca<\/a>,para exigir al senador <a href=\"https:\/\/twitter.com\/salomonj?ref_src=twsrc%5Etfw\">@salomonj<\/a> no lucre con temas de g\u00e9nero en su campa\u00f1a para buscar ser candidato a gobernador.<br>Lo acusan de proteger a la ex edil de Nochixtl\u00e1n, Lizbeth V.H. <a href=\"https:\/\/t.co\/oGvrCUjldf\">pic.twitter.com\/oGvrCUjldf<\/a><\/p>&mdash; Zona Roja Oaxaca (@Zona_Roja_Oax) <a href=\"https:\/\/twitter.com\/Zona_Roja_Oax\/status\/1451708737950003200?ref_src=twsrc%5Etfw\">23 de octubre de 2021<\/a><\/blockquote><\/div>\n<\/div><\/figure>\n\n\n\n<p>\u201cEs una compa\u00f1era de lucha la hermana Claudia Uruchurtu, la cual no garantizaron su vida y su integridad; sin embargo, esos actores pol\u00edticos salen hoy en d\u00eda a hacerse publicidad; somos muchas las mujeres de Oaxaca que exigimos justicia, vemos que el se\u00f1or Salom\u00f3n Jara s\u00f3lo le interesa colocarse como muchos otros\u201d, expusieron.<\/p>\n\n\n\n<p>Demandaron justicia para m\u00faltiples casos que se han registrado en la entidad, sin citar nombres, as\u00ed como la desaparici\u00f3n de femeninas.<\/p>\n\n\n\n<p>\u201cNos &nbsp;dirigimos al senador y le decimos que si quiere hacer campa\u00f1a, que la haga, pero que reflexione y analice que nosotras las mujeres le decimos que no lo queremos como candidato a gobernador; s\u00f3lo ha demostrado ser un bandido m\u00e1s y que s\u00f3lo ve sus propios intereses\u201d, clamaron.<\/p>\n\n\n\n<p>Agregaron que acudieron cubiertas del rostro y sin dar nombres, por temor a represalias de Jara Cruz, por temor a desapariciones por pedir justicia.<\/p>\n\n\n\n<p>\u201c\u00a1Fuer Salom\u00f3n Jara como candidato y su selectividad con las mujeres\u201d, expusieron, al agradecer a los medios de comunicaci\u00f3n que se d\u00e9 voz a las v\u00edctimas de las injusticias.<\/p>\n","protected":false},"excerpt":{"rendered":"<p>Redacci\u00f3n\/Zona Roja. Oaxaca de Ju\u00e1rez, Oax., 22 de octubre de 2021.- Colectivos feministas se pronunciaron&hellip;<\/p>\n","protected":false},"author":2,"featured_media":33459,"comment_status":"closed","ping_status":"open","sticky":false,"template":"","format":"standard","meta":{"_lmt_disableupdate":"","_lmt_disable":"","_jetpack_memberships_contains_paid_content":false,"footnotes":""},"categories":[109,47],"tags":[939],"class_list":["post-33458","post","type-post","status-publish","format-standard","has-post-thumbnail","hentry","category-minuto-a-minuto","category-zona-gris","tag-salomon-jara-cruz"],"jetpack_featured_media_url":"https:\/\/zonaroja.com.mx\/wp-content\/uploads\/2021\/10\/Colectivos-feministas-contra-Salomon-Jara.jpg","jetpack_sharing_enabled":true,"_links":{"self":[{"href":"https:\/\/zonaroja.com.mx\/index.php?rest_route=\/wp\/v2\/posts\/33458","targetHints":{"allow":["GET"]}}],"collection":[{"href":"https:\/\/zonaroja.com.mx\/index.php?rest_route=\/wp\/v2\/posts"}],"about":[{"href":"https:\/\/zonaroja.com.mx\/index.php?rest_route=\/wp\/v2\/types\/post"}],"author":[{"embeddable":true,"href":"https:\/\/zonaroja.com.mx\/index.php?rest_route=\/wp\/v2\/users\/2"}],"replies":[{"embeddable":true,"href":"https:\/\/zonaroja.com.mx\/index.php?rest_route=%2Fwp%2Fv2%2Fcomments&post=33458"}],"version-history":[{"count":1,"href":"https:\/\/zonaroja.com.mx\/index.php?rest_route=\/wp\/v2\/posts\/33458\/revisions"}],"predecessor-version":[{"id":33460,"href":"https:\/\/zonaroja.com.mx\/index.php?rest_route=\/wp\/v2\/posts\/33458\/revisions\/33460"}],"wp:featuredmedia":[{"embeddable":true,"href":"https:\/\/zonaroja.com.mx\/index.php?rest_route=\/wp\/v2\/media\/33459"}],"wp:attachment":[{"href":"https:\/\/zonaroja.com.mx\/index.php?rest_route=%2Fwp%2Fv2%2Fmedia&parent=33458"}],"wp:term":[{"taxonomy":"category","embeddable":true,"href":"https:\/\/zonaroja.com.mx\/index.php?rest_route=%2Fwp%2Fv2%2Fcategories&post=33458"},{"taxonomy":"post_tag","embeddable":true,"href":"https:\/\/zonaroja.com.mx\/index.php?rest_route=%2Fwp%2Fv2%2Ftags&post=33458"}],"curies":[{"name":"wp","href":"https:\/\/api.w.org\/{rel}","templated":true}]}}