{"id":3346,"date":"2019-08-24T07:17:11","date_gmt":"2019-08-24T12:17:11","guid":{"rendered":"http:\/\/www.zonaroja.com.mx\/?p=3346"},"modified":"2019-08-24T07:17:13","modified_gmt":"2019-08-24T12:17:13","slug":"otro-asesinato-en-jalapa-de-diaz-suman-10-en-viernes-en-oaxaca","status":"publish","type":"post","link":"https:\/\/zonaroja.com.mx\/?p=3346","title":{"rendered":"Otro asesinato en Jalapa de D\u00edaz; suman 10 en viernes en Oaxaca"},"content":{"rendered":"\n<p>Redacci\u00f3n\/Zona\nRoja.<\/p>\n\n\n\n<p>Oaxaca de\nJu\u00e1rez, Oax., 24 de agosto de 2019.- Otra persona fue asesinada anoche en el\nmunicipio de San Felipe Jalapa de D\u00edaz, con lo que suman 10 homicidios\nperpetrados en las \u00faltimas 24 horas.<\/p>\n\n\n\n<p>El crimen se\nregistr\u00f3 aproximadamente a las 20:00 horas sobre la calle avenida Ju\u00e1rez, en el\ncentro de esa poblaci\u00f3n de la regi\u00f3n de la Cuenca del Papaloapan.<\/p>\n\n\n\n<p>Presuntamente\nintegrantes de un grupo armado dispararon en contra de quien fue identificado\ncomo Rub\u00e9n Guzm\u00e1n Canseco, de aproximadamente 40 a\u00f1os de edad.<\/p>\n\n\n\n<p>A\u00fan no se ha\ninformado de personas detenidas respecto a este caso y la Vicefiscal\u00eda Regional\nde la Cuenca cuenta con escasos indicios sobre el crimen.<\/p>\n\n\n\n<p>Como se\ninform\u00f3, el desde los \u00faltimos minutos del jueves y los primeros del viernes, en\nSan Marcial Ozolotepec se suscitaron varios ataques armados a domicilios, con\nsaldo preliminar de cinco asesinados y dos menores de edad lesionados.<\/p>\n\n\n\n<p>Dos m\u00e1s\nfueron ultimados, hombre y mujer, en Santo Domingo de Morelos. En San Juan\nBautista Tuxtepec fue ultimado otro individuo, cerca del hospital del Instituto\nMexicano del Seguro Social. <\/p>\n\n\n\n<p>Mientras que\nen San Miguel Soyaltepec fue hallado el cad\u00e1ver de otro individuo.<\/p>\n\n\n\n<p>En el caso\nde San Marcial Ozolotepec, la Fiscal\u00eda General del Estado s\u00f3lo reconoce\noficialmente tres personas asesinadas, dos desaparecidas y dos lesionadas.<\/p>\n","protected":false},"excerpt":{"rendered":"<p>Redacci\u00f3n\/Zona Roja. Oaxaca de Ju\u00e1rez, Oax., 24 de agosto de 2019.- Otra persona fue asesinada&hellip;<\/p>\n","protected":false},"author":2,"featured_media":2940,"comment_status":"closed","ping_status":"open","sticky":false,"template":"","format":"standard","meta":{"_lmt_disableupdate":"","_lmt_disable":"","_jetpack_memberships_contains_paid_content":false,"footnotes":""},"categories":[109,51],"tags":[609],"class_list":["post-3346","post","type-post","status-publish","format-standard","has-post-thumbnail","hentry","category-minuto-a-minuto","category-zona-roja","tag-10-asesinados-viernes-oaxaca"],"jetpack_featured_media_url":"https:\/\/zonaroja.com.mx\/wp-content\/uploads\/2019\/08\/Asesinatos.jpg","jetpack_sharing_enabled":true,"_links":{"self":[{"href":"https:\/\/zonaroja.com.mx\/index.php?rest_route=\/wp\/v2\/posts\/3346","targetHints":{"allow":["GET"]}}],"collection":[{"href":"https:\/\/zonaroja.com.mx\/index.php?rest_route=\/wp\/v2\/posts"}],"about":[{"href":"https:\/\/zonaroja.com.mx\/index.php?rest_route=\/wp\/v2\/types\/post"}],"author":[{"embeddable":true,"href":"https:\/\/zonaroja.com.mx\/index.php?rest_route=\/wp\/v2\/users\/2"}],"replies":[{"embeddable":true,"href":"https:\/\/zonaroja.com.mx\/index.php?rest_route=%2Fwp%2Fv2%2Fcomments&post=3346"}],"version-history":[{"count":1,"href":"https:\/\/zonaroja.com.mx\/index.php?rest_route=\/wp\/v2\/posts\/3346\/revisions"}],"predecessor-version":[{"id":3347,"href":"https:\/\/zonaroja.com.mx\/index.php?rest_route=\/wp\/v2\/posts\/3346\/revisions\/3347"}],"wp:featuredmedia":[{"embeddable":true,"href":"https:\/\/zonaroja.com.mx\/index.php?rest_route=\/wp\/v2\/media\/2940"}],"wp:attachment":[{"href":"https:\/\/zonaroja.com.mx\/index.php?rest_route=%2Fwp%2Fv2%2Fmedia&parent=3346"}],"wp:term":[{"taxonomy":"category","embeddable":true,"href":"https:\/\/zonaroja.com.mx\/index.php?rest_route=%2Fwp%2Fv2%2Fcategories&post=3346"},{"taxonomy":"post_tag","embeddable":true,"href":"https:\/\/zonaroja.com.mx\/index.php?rest_route=%2Fwp%2Fv2%2Ftags&post=3346"}],"curies":[{"name":"wp","href":"https:\/\/api.w.org\/{rel}","templated":true}]}}