{"id":33461,"date":"2021-10-22T22:59:24","date_gmt":"2021-10-23T03:59:24","guid":{"rendered":"http:\/\/www.zonaroja.com.mx\/?p=33461"},"modified":"2021-10-22T22:59:27","modified_gmt":"2021-10-23T03:59:27","slug":"cualquier-imbecil-puede-ser-magistrado-en-oaxaca-sol-jarquin","status":"publish","type":"post","link":"https:\/\/zonaroja.com.mx\/?p=33461","title":{"rendered":"\u201cCualquier imb\u00e9cil puede ser magistrado en Oaxaca\u201d: Sol Jarqu\u00edn"},"content":{"rendered":"\n<p>Ismael Garc\u00eda M.\/Zona Roja.<\/p>\n\n\n\n<p>Oaxaca de Ju\u00e1rez, Oax., 22 de octubre de 2021.- Sin discusiones de ninguna clase ni mucho menos oposici\u00f3n, el pleno de la 64 Legislatura de Oaxaca aprob\u00f3 hoy la designaci\u00f3n de magistraturas del Poder Judicial y del Tribunal de Justicia Administrativa.<\/p>\n\n\n\n<p>Ello pese al rechazo de algunas madres y v\u00edctimas de la violencia feminicida, como es el caso de Soledad Jarqu\u00edn \u00c9dgar y Zoyla Bengochea.<\/p>\n\n\n\n<p>\u201cAlejandro Magno Antonio &#8211;uno de los favorecidos&#8211; era uno de los servidores p\u00fablicos cercanos a Rub\u00e9n Vasconcelos, lo puedo decir y lo digo con todas sus palabras, fue un se\u00f1or que no dej\u00f3 que se aplicara la justicia en el caso de mi hija (Mar\u00eda del Sol Cruz Jarqu\u00edn).<\/p>\n\n\n\n<p>\u201cCon el cambio de fiscal de Oaxaca nosotros nos enteramos que ocultaron informaci\u00f3n y hicieron las investigaciones correspondientes o todas las investigaciones que ten\u00edan que hacer\u201d, dijo Soledad Jarqu\u00edn, quien lament\u00f3 la designaci\u00f3n de Magno Gonz\u00e1lez como magistrado del Tribunal Superior de Justicia.<\/p>\n\n\n\n<p>\u201cPor eso a m\u00ed me parece vergonzoso, de verdad, la forma en que se vende hoy la justicia en Oaxaca, nos la pusieron de a peso, cualquier imb\u00e9cil puede ser magistrado en Oaxaca.<\/p>\n\n\n\n<p>\u201cEra un solo equipo el de Vasconcelos y \u00e9l (Magno Gonz\u00e1lez) estaba en el equipo cercano, ellos empezaron a trabajar desde el inicio, desde casi dos a\u00f1os y ocho meses que estuvo Vasconcelos en el caso de mi hija, les estuvimos insistiendo que concretaran investigaciones y no hicieron nada\u201d, reproch\u00f3 la madre de Mar\u00eda del Sol Cruz Jarqu\u00edn, quien acudi\u00f3 con otro grupo de mujeres al recinto legislativo.<\/p>\n\n\n\n<p>En segunda sesi\u00f3n extraordinaria del pleno, la noche de este viernes, el pleno design\u00f3 a Amado G\u00f3mez G\u00f3mez, como integrante del Consejo de la Judicatura del Poder Judicial.<\/p>\n\n\n\n<figure class=\"wp-block-embed-twitter wp-block-embed is-type-rich is-provider-twitter\"><div class=\"wp-block-embed__wrapper\">\n<div class=\"twitter-tweet\"><blockquote class=\"twitter-tweet\" data-lang=\"es\"><p lang=\"es\" dir=\"ltr\"><a href=\"https:\/\/twitter.com\/hashtag\/%C3%9AltimoMinuto?src=hash&amp;ref_src=twsrc%5Etfw\">#\u00daltimoMinuto<\/a> <br>Como lo pidi\u00f3 el gobernador <a href=\"https:\/\/twitter.com\/alejandromurat?ref_src=twsrc%5Etfw\">@alejandromurat<\/a>, as\u00ed lo aprob\u00f3 hoy el <a href=\"https:\/\/twitter.com\/CongresoOaxLXIV?ref_src=twsrc%5Etfw\">@CongresoOaxLXIV<\/a>: <a href=\"https:\/\/t.co\/QaQtmttrh3\">pic.twitter.com\/QaQtmttrh3<\/a><\/p>&mdash; Zona Roja Oaxaca (@Zona_Roja_Oax) <a href=\"https:\/\/twitter.com\/Zona_Roja_Oax\/status\/1451728735623860224?ref_src=twsrc%5Etfw\">23 de octubre de 2021<\/a><\/blockquote><\/div>\n<\/div><\/figure>\n\n\n\n<p>Asimismo, a Juan Carlos D\u00edaz Carranza, Alejandro Magno Gonz\u00e1lez Antonio, Berenice Ram\u00edrez Jim\u00e9nez, Elizabeth Roxana L\u00f3pez Luna y Sof\u00eda Altamirano Rueda, como magistrados del Tribunal Superior de Justicia por ocho a\u00f1os.<\/p>\n\n\n\n<p>Adem\u00e1s, ratific\u00f3 las designaciones del gobernador Alejandro Murat a El\u00edas Cort\u00e9s L\u00f3pez, Camelia Gaspar Mart\u00ednez y Alejandra Georgina Villaca\u00f1ana Abascal, como magistrados del Tribunal de Justicia Administrativa.<\/p>\n\n\n\n<p>Por otra parte, el pleno aval\u00f3 la designaci\u00f3n de los nuevos integrantes del \u00d3rgano Garante de Transparencia, que sustituy\u00f3 al Instituto de Transparencia y Acceso a la Informaci\u00f3n P\u00fablica, Elizabeth M\u00e9ndez, Jos\u00e9 Luis Echeverr\u00eda Morales, Claudia Soto, Josu\u00e9 Solana y Taniveth Reyes.<\/p>\n\n\n\n<p>Previo a ello, en la primera sesi\u00f3n extraordinaria de hoy, los legisladores avalaron diversos dict\u00e1menes de comisiones.<\/p>\n\n\n\n<figure class=\"wp-block-embed-twitter wp-block-embed is-type-rich is-provider-twitter\"><div class=\"wp-block-embed__wrapper\">\n<div class=\"twitter-tweet\"><blockquote class=\"twitter-tweet\" data-lang=\"es\"><p lang=\"es\" dir=\"ltr\"><a href=\"https:\/\/twitter.com\/hashtag\/%C3%9AltimoMinuto?src=hash&amp;ref_src=twsrc%5Etfw\">#\u00daltimoMinuto<\/a> <br>Y estos son los nuevos integrantes del \u00d3rgano Garante de Transparencia (que sustituy\u00f3 al IAIP); tambi\u00e9n los legisladores del <a href=\"https:\/\/twitter.com\/CongresoOaxLXIV?ref_src=twsrc%5Etfw\">@CongresoOaxLXIV<\/a> acataron propuestas del Ejecutivo. <a href=\"https:\/\/t.co\/uVHjnZz1QI\">pic.twitter.com\/uVHjnZz1QI<\/a><\/p>&mdash; Zona Roja Oaxaca (@Zona_Roja_Oax) <a href=\"https:\/\/twitter.com\/Zona_Roja_Oax\/status\/1451743759243304963?ref_src=twsrc%5Etfw\">23 de octubre de 2021<\/a><\/blockquote><\/div>\n<\/div><\/figure>\n","protected":false},"excerpt":{"rendered":"<p>Ismael Garc\u00eda M.\/Zona Roja. Oaxaca de Ju\u00e1rez, Oax., 22 de octubre de 2021.- Sin discusiones&hellip;<\/p>\n","protected":false},"author":2,"featured_media":33462,"comment_status":"closed","ping_status":"open","sticky":false,"template":"","format":"standard","meta":{"_lmt_disableupdate":"","_lmt_disable":"","_jetpack_memberships_contains_paid_content":false,"footnotes":""},"categories":[109,47],"tags":[213],"class_list":["post-33461","post","type-post","status-publish","format-standard","has-post-thumbnail","hentry","category-minuto-a-minuto","category-zona-gris","tag-64-legislatura-de-oaxaca"],"jetpack_featured_media_url":"https:\/\/zonaroja.com.mx\/wp-content\/uploads\/2021\/10\/Nuevos-magistrados-Poder-Judicial.jpg","jetpack_sharing_enabled":true,"_links":{"self":[{"href":"https:\/\/zonaroja.com.mx\/index.php?rest_route=\/wp\/v2\/posts\/33461","targetHints":{"allow":["GET"]}}],"collection":[{"href":"https:\/\/zonaroja.com.mx\/index.php?rest_route=\/wp\/v2\/posts"}],"about":[{"href":"https:\/\/zonaroja.com.mx\/index.php?rest_route=\/wp\/v2\/types\/post"}],"author":[{"embeddable":true,"href":"https:\/\/zonaroja.com.mx\/index.php?rest_route=\/wp\/v2\/users\/2"}],"replies":[{"embeddable":true,"href":"https:\/\/zonaroja.com.mx\/index.php?rest_route=%2Fwp%2Fv2%2Fcomments&post=33461"}],"version-history":[{"count":1,"href":"https:\/\/zonaroja.com.mx\/index.php?rest_route=\/wp\/v2\/posts\/33461\/revisions"}],"predecessor-version":[{"id":33463,"href":"https:\/\/zonaroja.com.mx\/index.php?rest_route=\/wp\/v2\/posts\/33461\/revisions\/33463"}],"wp:featuredmedia":[{"embeddable":true,"href":"https:\/\/zonaroja.com.mx\/index.php?rest_route=\/wp\/v2\/media\/33462"}],"wp:attachment":[{"href":"https:\/\/zonaroja.com.mx\/index.php?rest_route=%2Fwp%2Fv2%2Fmedia&parent=33461"}],"wp:term":[{"taxonomy":"category","embeddable":true,"href":"https:\/\/zonaroja.com.mx\/index.php?rest_route=%2Fwp%2Fv2%2Fcategories&post=33461"},{"taxonomy":"post_tag","embeddable":true,"href":"https:\/\/zonaroja.com.mx\/index.php?rest_route=%2Fwp%2Fv2%2Ftags&post=33461"}],"curies":[{"name":"wp","href":"https:\/\/api.w.org\/{rel}","templated":true}]}}