{"id":33477,"date":"2021-10-23T13:15:08","date_gmt":"2021-10-23T18:15:08","guid":{"rendered":"http:\/\/www.zonaroja.com.mx\/?p=33477"},"modified":"2021-10-23T13:15:11","modified_gmt":"2021-10-23T18:15:11","slug":"oaxaquena-gobierna-tijuana-es-la-primera-mujer-en-el-cargo","status":"publish","type":"post","link":"https:\/\/zonaroja.com.mx\/?p=33477","title":{"rendered":"Oaxaque\u00f1a gobierna Tijuana; es la primera mujer en el cargo"},"content":{"rendered":"\n<p>Evlin Arag\u00f3n\/Zona Roja.<\/p>\n\n\n\n<p>Oaxaca de Ju\u00e1rez, Oax., 23 de octubre de 2021.- El pasado 30 de septiembre, Monserrat Caballero Ram\u00edrez, originaria de Oaxaca de Ju\u00e1rez, se convirti\u00f3 en la primera mujer en asumir el cargo como alcaldesa de Tijuana, una de las ciudades m\u00e1s importantes del pa\u00eds.&nbsp;<\/p>\n\n\n\n<p>La joven pol\u00edtica es migrante, como miles de mujeres y hombres en M\u00e9xico. Desde muy peque\u00f1a, a los dos a\u00f1os de edad, lleg\u00f3 a la ciudad fronteriza y se asent\u00f3, junto con su madre y sus cinco hermanos en la colonia Libertad.&nbsp;<\/p>\n\n\n\n<p>\u00abTodos somos adoptados por Tijuana, qu\u00e9 tristeza dejar nuestros estados de origen, pero qu\u00e9 dicha ser abrazado por una ciudad como esta\u00bb, refiri\u00f3 durante uno de sus tantos m\u00edtines.&nbsp;&nbsp;<\/p>\n\n\n\n<p>Pese a las problem\u00e1ticas propias que enfrenta la poblaci\u00f3n migrante, logr\u00f3 concluir sus estudios en Derecho en el Centro de Ense\u00f1anza T\u00e9cnica y Superior (Cetys) Campus Tijuana y consigui\u00f3 uno de sus primeros empleos en la entonces Procuradur\u00eda General de Justicia del Estado.&nbsp;<\/p>\n\n\n\n<p>Su evidente liderazgo la llev\u00f3 a participar en la pol\u00edtica, de primera cuenta en las filas de Movimiento Ciudadano, y posteriormente en la asociaci\u00f3n civil Movimiento de Regeneraci\u00f3n Nacional, en la cual particip\u00f3 activamente para la afiliaci\u00f3n de simpatizantes que dieron origen al partido.&nbsp;<\/p>\n\n\n\n<p>Lo anterior le vali\u00f3 ser considerada como una de las cartas fuertes al interior de Morena y hace un a\u00f1o fue nombrada como una de las m\u00e1s importantes l\u00edderes de Baja California.&nbsp;<\/p>\n\n\n\n<p>Previo a su cargo en la alcald\u00eda de Tijuana, fue diputada local por el Distrito XIII en el Congreso de Baja California, donde presidi\u00f3 la Junta de Coordinaci\u00f3n Pol\u00edtica, siendo la \u00fanica mujer en encabezarla por tres per\u00edodos consecutivos; adem\u00e1s fue titular de las comisiones de Salud, Seguridad P\u00fablica y Protecci\u00f3n Civil.&nbsp;<\/p>\n\n\n\n<p>Su tenacidad y buen desempe\u00f1o le permiti\u00f3 participar en el proceso electoral de este 2021 donde obtuvo el triunfo.&nbsp;<\/p>\n\n\n\n<p>El pasado 30 de septiembre, la oaxaque\u00f1a tom\u00f3 protesta en el cargo, acompa\u00f1ada de la gobernadora electa de Baja California, Marina del Pilar, con quien dijo \u00abvamos a defender los intereses y derechos leg\u00edtimos del pueblo\u201d.&nbsp;<\/p>\n\n\n\n<p>Apenas el 17 de octubre, el presidente de la Rep\u00fablica, Andr\u00e9s Manuel L\u00f3pez Obrador destac\u00f3 el origen de la alcaldesa y asegur\u00f3 que el pueblo de Tijuana fue sumamente inteligente al elegir a una oaxaque\u00f1a como representante popular.&nbsp;<\/p>\n\n\n\n<p>\u201cComo no voy a estar contento, imag\u00ednense lo que hacen los ciudadanos, la gente de Tijuana elije a Monserrat, una migrante para presidenta municipal. De Oaxaca, que inteligentes son los ciudadanos de Tijuana, les voy a dar un dato, uno de los pueblos con m\u00e1s cultura es el pueblo de Oaxaca\u201d, dijo el mandatario.&nbsp;<\/p>\n","protected":false},"excerpt":{"rendered":"<p>Evlin Arag\u00f3n\/Zona Roja. Oaxaca de Ju\u00e1rez, Oax., 23 de octubre de 2021.- El pasado 30&hellip;<\/p>\n","protected":false},"author":2,"featured_media":33478,"comment_status":"closed","ping_status":"open","sticky":false,"template":"","format":"standard","meta":{"_lmt_disableupdate":"","_lmt_disable":"","_jetpack_memberships_contains_paid_content":false,"footnotes":""},"categories":[1,46],"tags":[2926],"class_list":["post-33477","post","type-post","status-publish","format-standard","has-post-thumbnail","hentry","category-sin-categoria","category-zona-blanca","tag-montserrat-caballero-ramirez-tijuana"],"jetpack_featured_media_url":"https:\/\/zonaroja.com.mx\/wp-content\/uploads\/2021\/10\/Montserrat-Caballero-Ramirez-Tijuana.jpg","jetpack_sharing_enabled":true,"_links":{"self":[{"href":"https:\/\/zonaroja.com.mx\/index.php?rest_route=\/wp\/v2\/posts\/33477","targetHints":{"allow":["GET"]}}],"collection":[{"href":"https:\/\/zonaroja.com.mx\/index.php?rest_route=\/wp\/v2\/posts"}],"about":[{"href":"https:\/\/zonaroja.com.mx\/index.php?rest_route=\/wp\/v2\/types\/post"}],"author":[{"embeddable":true,"href":"https:\/\/zonaroja.com.mx\/index.php?rest_route=\/wp\/v2\/users\/2"}],"replies":[{"embeddable":true,"href":"https:\/\/zonaroja.com.mx\/index.php?rest_route=%2Fwp%2Fv2%2Fcomments&post=33477"}],"version-history":[{"count":1,"href":"https:\/\/zonaroja.com.mx\/index.php?rest_route=\/wp\/v2\/posts\/33477\/revisions"}],"predecessor-version":[{"id":33479,"href":"https:\/\/zonaroja.com.mx\/index.php?rest_route=\/wp\/v2\/posts\/33477\/revisions\/33479"}],"wp:featuredmedia":[{"embeddable":true,"href":"https:\/\/zonaroja.com.mx\/index.php?rest_route=\/wp\/v2\/media\/33478"}],"wp:attachment":[{"href":"https:\/\/zonaroja.com.mx\/index.php?rest_route=%2Fwp%2Fv2%2Fmedia&parent=33477"}],"wp:term":[{"taxonomy":"category","embeddable":true,"href":"https:\/\/zonaroja.com.mx\/index.php?rest_route=%2Fwp%2Fv2%2Fcategories&post=33477"},{"taxonomy":"post_tag","embeddable":true,"href":"https:\/\/zonaroja.com.mx\/index.php?rest_route=%2Fwp%2Fv2%2Ftags&post=33477"}],"curies":[{"name":"wp","href":"https:\/\/api.w.org\/{rel}","templated":true}]}}