{"id":3348,"date":"2019-08-24T07:30:33","date_gmt":"2019-08-24T12:30:33","guid":{"rendered":"http:\/\/www.zonaroja.com.mx\/?p=3348"},"modified":"2019-08-24T07:30:35","modified_gmt":"2019-08-24T12:30:35","slug":"recula-titular-de-gobernacion-y-cancela-dialogo-con-autodefensas","status":"publish","type":"post","link":"https:\/\/zonaroja.com.mx\/?p=3348","title":{"rendered":"Recula titular de Gobernaci\u00f3n y cancela di\u00e1logo con autodefensas"},"content":{"rendered":"\n<p>Redacci\u00f3n\/Zona\nRoja Cdmx.<\/p>\n\n\n\n<p>Oaxaca de\nJu\u00e1rez, Oax., 24 de agosto de 2019.- Luego del rega\u00f1o del Presidente de M\u00e9xico,\nAndr\u00e9s Manuel L\u00f3pez Obrador, la titular de la Secretar\u00eda de Gobernaci\u00f3n\n(Segob), Olga S\u00e1nchez Cordero, cancel\u00f3 el di\u00e1logo con grupos de autodefensa y\npresuntamente del crimen organizado.<\/p>\n\n\n\n<p>\u201cNosotros\nvamos a respetar (la instrucci\u00f3n presidencial de suspender los di\u00e1logos)&#8230; la\nintenci\u00f3n era buena, la intenci\u00f3n era la pacificaci\u00f3n, pero vamos a conservar\nla calma\u201d, dijo ayer tras concluir un encuentro con empresarios del pa\u00eds.<\/p>\n\n\n\n<p>Indic\u00f3 que acatar\u00e1\nla instrucci\u00f3n del Presidente L\u00f3pez Obrador de no continuar el acercamiento con\nesos grupos civiles armados. <\/p>\n\n\n\n<p>Al ser\ncuestionada sobre si el Ejecutivo rega\u00f1\u00f3 a los funcionarios por emprender\nacercamientos con grupos de autodefensa, S\u00e1nchez Cordero se limit\u00f3 a decir que\nfue una instrucci\u00f3n clara de no seguir esa l\u00ednea de acci\u00f3n.<\/p>\n\n\n\n<p>Dijo que si\nbien el subsecretario de Gobernaci\u00f3n, Ricardo Peralta, sugiri\u00f3 un di\u00e1logo como\nalternativa de pacificaci\u00f3n, atenderlos y llevar empresas a sus regiones, eso\nno va a suceder. <\/p>\n\n\n\n<p>Coment\u00f3 que\nse acercaron con grupos de La Huacana, Michoac\u00e1n y en Tamaulipas; adem\u00e1s de\notros de Guerrero que pidieron dialogar, pero ya no seguir\u00e1 esa ruta.<\/p>\n\n\n\n<p>\u201cEstoy m\u00e1s\nfirme que nunca\u201d, sostuvo S\u00e1nchez Cordero sobre un rumor que surgi\u00f3 este viernes\nsobre su supuesta renuncia. \u201cEstos traviesos adversarios que tengo siempre\nest\u00e1n diciendo que yo renuncio o que me enfermo. Ni renuncio, ni me enfermo\u201d,\nasegur\u00f3.<\/p>\n\n\n\n<p>\u201cEl se\u00f1or\npresidente (Andr\u00e9s Manuel L\u00f3pez Obrador) me tiene una gran confianza y aqu\u00ed\nestar\u00e9\u201d, remarc\u00f3 la ex ministra.<\/p>\n","protected":false},"excerpt":{"rendered":"<p>Redacci\u00f3n\/Zona Roja Cdmx. Oaxaca de Ju\u00e1rez, Oax., 24 de agosto de 2019.- Luego del rega\u00f1o&hellip;<\/p>\n","protected":false},"author":2,"featured_media":3349,"comment_status":"closed","ping_status":"open","sticky":false,"template":"","format":"standard","meta":{"_lmt_disableupdate":"","_lmt_disable":"","_jetpack_memberships_contains_paid_content":false,"footnotes":""},"categories":[1],"tags":[],"class_list":["post-3348","post","type-post","status-publish","format-standard","has-post-thumbnail","hentry","category-sin-categoria"],"jetpack_featured_media_url":"https:\/\/zonaroja.com.mx\/wp-content\/uploads\/2019\/08\/Autodefensas-1.jpg","jetpack_sharing_enabled":true,"_links":{"self":[{"href":"https:\/\/zonaroja.com.mx\/index.php?rest_route=\/wp\/v2\/posts\/3348","targetHints":{"allow":["GET"]}}],"collection":[{"href":"https:\/\/zonaroja.com.mx\/index.php?rest_route=\/wp\/v2\/posts"}],"about":[{"href":"https:\/\/zonaroja.com.mx\/index.php?rest_route=\/wp\/v2\/types\/post"}],"author":[{"embeddable":true,"href":"https:\/\/zonaroja.com.mx\/index.php?rest_route=\/wp\/v2\/users\/2"}],"replies":[{"embeddable":true,"href":"https:\/\/zonaroja.com.mx\/index.php?rest_route=%2Fwp%2Fv2%2Fcomments&post=3348"}],"version-history":[{"count":1,"href":"https:\/\/zonaroja.com.mx\/index.php?rest_route=\/wp\/v2\/posts\/3348\/revisions"}],"predecessor-version":[{"id":3350,"href":"https:\/\/zonaroja.com.mx\/index.php?rest_route=\/wp\/v2\/posts\/3348\/revisions\/3350"}],"wp:featuredmedia":[{"embeddable":true,"href":"https:\/\/zonaroja.com.mx\/index.php?rest_route=\/wp\/v2\/media\/3349"}],"wp:attachment":[{"href":"https:\/\/zonaroja.com.mx\/index.php?rest_route=%2Fwp%2Fv2%2Fmedia&parent=3348"}],"wp:term":[{"taxonomy":"category","embeddable":true,"href":"https:\/\/zonaroja.com.mx\/index.php?rest_route=%2Fwp%2Fv2%2Fcategories&post=3348"},{"taxonomy":"post_tag","embeddable":true,"href":"https:\/\/zonaroja.com.mx\/index.php?rest_route=%2Fwp%2Fv2%2Ftags&post=3348"}],"curies":[{"name":"wp","href":"https:\/\/api.w.org\/{rel}","templated":true}]}}