{"id":33493,"date":"2021-10-23T19:30:31","date_gmt":"2021-10-24T00:30:31","guid":{"rendered":"http:\/\/www.zonaroja.com.mx\/?p=33493"},"modified":"2021-10-23T19:30:34","modified_gmt":"2021-10-24T00:30:34","slug":"logran-policias-ingresar-a-atatlahuca-fiscalia-inicia-indagatoria-por-crimenes","status":"publish","type":"post","link":"https:\/\/zonaroja.com.mx\/?p=33493","title":{"rendered":"Logran polic\u00edas ingresar a Atatlahuca; Fiscal\u00eda inicia indagatoria por cr\u00edmenes"},"content":{"rendered":"\n<p>Redacci\u00f3n\/Zona Roja.<\/p>\n\n\n\n<p>Oaxaca de Ju\u00e1rez, Oax., 23 de octubre de 2021.- Dos d\u00edas despu\u00e9s del asesinato a balazos de un hombre y una mujer, representantes del Gobierno del Estado lograron ingresar a San Esteban Atatlahuca e instalaron vigilancia policiaca.<\/p>\n\n\n\n<p>Fue el pasado jueves 21 de octubre en que fueron ultimados una pareja de la tercera edad, adem\u00e1s de que incendiaron viviendas, en la comunidad de Ndoyonoyuji.<\/p>\n\n\n\n<p>V\u00eda redes sociales, la Fical\u00eda General del Estado de Oaxaca inform\u00f3 que dio inicio a la Carpeta de Investigaci\u00f3n 34819\/FMIX\/TLAXIACO\/2021, por el delito de homicidio calificado en agravio de dos personas, suscitado el 21 de octubre de 2021.<\/p>\n\n\n\n<p>A fin de esclarecer con prontitud estos hechos, la instituci\u00f3n de procuraci\u00f3n de justicia despleg\u00f3 a su personal multidisciplinario, para realizar las investigaciones y diligencias periciales correspondientes.<\/p>\n\n\n\n<p>Por su parte, tambi\u00e9n en redes sociales, la Secretar\u00eda General de Gobierno (Segego) inform\u00f3 que personal de esa dependencia y de otras \u00e1reas gubernamentales ingresaron ayer a la zona de conflicto.<\/p>\n\n\n\n<figure class=\"wp-block-embed-twitter wp-block-embed is-type-rich is-provider-twitter\"><div class=\"wp-block-embed__wrapper\">\n<div class=\"twitter-tweet\"><blockquote class=\"twitter-tweet\" data-lang=\"es\"><p lang=\"es\" dir=\"ltr\">Por instrucciones del Gobernador <a href=\"https:\/\/twitter.com\/alejandromurat?ref_src=twsrc%5Etfw\">@alejandromurat<\/a>, a trav\u00e9s de nuestro titular <a href=\"https:\/\/twitter.com\/Heliodoro_hcde?ref_src=twsrc%5Etfw\">@Heliodoro_hcde<\/a>, la <a href=\"https:\/\/twitter.com\/Policia_GobOax?ref_src=twsrc%5Etfw\">@Policia_GobOax<\/a> mantiene despliegue de seguridad y vigilancia para  brindar seguridad a personal del <a href=\"https:\/\/twitter.com\/GobOax?ref_src=twsrc%5Etfw\">@GobOax<\/a> y de la <a href=\"https:\/\/twitter.com\/CNDH?ref_src=twsrc%5Etfw\">@CNDH<\/a>, durante su ingreso a la poblaci\u00f3n de Yosoyuxi Copala. <a href=\"https:\/\/t.co\/i7ZrCcNukz\">pic.twitter.com\/i7ZrCcNukz<\/a><\/p>&mdash; Sr\u00eda. Seg. P\u00fab. Oax. (@SSP_GobOax) <a href=\"https:\/\/twitter.com\/SSP_GobOax\/status\/1451971521581223942?ref_src=twsrc%5Etfw\">23 de octubre de 2021<\/a><\/blockquote><\/div>\n<\/div><\/figure>\n\n\n\n<p>Por su parte, el secretario de Seguridad P\u00fablica, Heliodoro D\u00edaz Esc\u00e1rraga, dio a conocer a trav\u00e9s de un reporte, que instruy\u00f3 al personal de la Polic\u00eda Estatal resguardar el orden y la estabilidad social en Atatlahuca.<\/p>\n\n\n\n<p>Para ello, se coordina con fuerzas federales, entre ellas la Guardia Nacional, con la finalidad de mantener presencia disuasiva en la zona.<\/p>\n\n\n\n<p>\u201cLa actuaci\u00f3n de las fuerzas estatales de seguridad ha estado apegada a Derecho y respetando las garant\u00edas individuales de las personas. La SSPO siempre privilegiar\u00e1 la resoluci\u00f3n de conflictos por la v\u00eda del di\u00e1logo, a trav\u00e9s de las instituciones\u201d, resalt\u00f3 el funcionario.<\/p>\n\n\n\n<figure class=\"wp-block-embed-twitter wp-block-embed is-type-rich is-provider-twitter\"><div class=\"wp-block-embed__wrapper\">\n<div class=\"twitter-tweet\"><blockquote class=\"twitter-tweet\" data-lang=\"es\"><p lang=\"es\" dir=\"ltr\">A fin de esclarecer con prontitud estos hechos, la <a href=\"https:\/\/twitter.com\/hashtag\/FGEO?src=hash&amp;ref_src=twsrc%5Etfw\">#FGEO<\/a> despleg\u00f3 a su personal multidisciplinario, a fin de realizar las investigaciones y diligencias periciales correspondientes (2\/2). <a href=\"https:\/\/t.co\/yyD0OIiMbh\">pic.twitter.com\/yyD0OIiMbh<\/a><\/p>&mdash; Fiscal\u00eda General (@FISCALIA_GobOax) <a href=\"https:\/\/twitter.com\/FISCALIA_GobOax\/status\/1451693169398145027?ref_src=twsrc%5Etfw\">22 de octubre de 2021<\/a><\/blockquote><\/div>\n<\/div><\/figure>\n","protected":false},"excerpt":{"rendered":"<p>Redacci\u00f3n\/Zona Roja. Oaxaca de Ju\u00e1rez, Oax., 23 de octubre de 2021.- Dos d\u00edas despu\u00e9s del&hellip;<\/p>\n","protected":false},"author":2,"featured_media":33494,"comment_status":"closed","ping_status":"open","sticky":false,"template":"","format":"standard","meta":{"_lmt_disableupdate":"","_lmt_disable":"","_jetpack_memberships_contains_paid_content":false,"footnotes":""},"categories":[109,47],"tags":[1025],"class_list":["post-33493","post","type-post","status-publish","format-standard","has-post-thumbnail","hentry","category-minuto-a-minuto","category-zona-gris","tag-san-esteban-atatlahuca"],"jetpack_featured_media_url":"https:\/\/zonaroja.com.mx\/wp-content\/uploads\/2021\/10\/Policias-San-Esteban-Atatlahuca.jpg","jetpack_sharing_enabled":true,"_links":{"self":[{"href":"https:\/\/zonaroja.com.mx\/index.php?rest_route=\/wp\/v2\/posts\/33493","targetHints":{"allow":["GET"]}}],"collection":[{"href":"https:\/\/zonaroja.com.mx\/index.php?rest_route=\/wp\/v2\/posts"}],"about":[{"href":"https:\/\/zonaroja.com.mx\/index.php?rest_route=\/wp\/v2\/types\/post"}],"author":[{"embeddable":true,"href":"https:\/\/zonaroja.com.mx\/index.php?rest_route=\/wp\/v2\/users\/2"}],"replies":[{"embeddable":true,"href":"https:\/\/zonaroja.com.mx\/index.php?rest_route=%2Fwp%2Fv2%2Fcomments&post=33493"}],"version-history":[{"count":1,"href":"https:\/\/zonaroja.com.mx\/index.php?rest_route=\/wp\/v2\/posts\/33493\/revisions"}],"predecessor-version":[{"id":33495,"href":"https:\/\/zonaroja.com.mx\/index.php?rest_route=\/wp\/v2\/posts\/33493\/revisions\/33495"}],"wp:featuredmedia":[{"embeddable":true,"href":"https:\/\/zonaroja.com.mx\/index.php?rest_route=\/wp\/v2\/media\/33494"}],"wp:attachment":[{"href":"https:\/\/zonaroja.com.mx\/index.php?rest_route=%2Fwp%2Fv2%2Fmedia&parent=33493"}],"wp:term":[{"taxonomy":"category","embeddable":true,"href":"https:\/\/zonaroja.com.mx\/index.php?rest_route=%2Fwp%2Fv2%2Fcategories&post=33493"},{"taxonomy":"post_tag","embeddable":true,"href":"https:\/\/zonaroja.com.mx\/index.php?rest_route=%2Fwp%2Fv2%2Ftags&post=33493"}],"curies":[{"name":"wp","href":"https:\/\/api.w.org\/{rel}","templated":true}]}}