{"id":33496,"date":"2021-10-23T21:10:52","date_gmt":"2021-10-24T02:10:52","guid":{"rendered":"http:\/\/www.zonaroja.com.mx\/?p=33496"},"modified":"2021-10-23T21:21:58","modified_gmt":"2021-10-24T02:21:58","slug":"se-desata-ola-de-balaceras-en-oaxaca-al-menos-cuatro-heridos","status":"publish","type":"post","link":"https:\/\/zonaroja.com.mx\/?p=33496","title":{"rendered":"Se desata ola de balaceras en Oaxaca; al menos cuatro heridos"},"content":{"rendered":"\n<p>Ismael Garc\u00eda M.\/Zona Roja.<\/p>\n\n\n\n<p>Oaxaca de Ju\u00e1rez, Oax., 23 de octubre de 2021.- Al menos tres enfrentamientos armados se han registrado en la regi\u00f3n Valles Centrales de Oaxaca, con saldo preliminar de cuatro heridos, entre ellos elementos de corporaciones policiacas.<\/p>\n\n\n\n<p>Esta noche, en la calle Benito Ju\u00e1rez del municipio de \u00c1nimas Trujano, en la parte sur de la zona conurbada de la capital, se registr\u00f3 la m\u00e1s reciente balacera, con saldo inicial de un elemento de la Polic\u00eda Estatal lesionado y dos personas detenidas; a\u00fan no se especifican las causas.<\/p>\n\n\n\n<p>Momentos antes, en la calle Nicol\u00e1s del Puerto, entre avenida Morelos y Murgu\u00eda, a un costado del mercado \u201cLa Merced\u201d de la ciudad de Oaxaca, un elemento de la Agencia Estatal de Investigaciones, dependiente de la Fiscal\u00eda General del Estado, fue atacado con disparos de arma de fuego y trasladado a un hospital.<\/p>\n\n\n\n<figure class=\"wp-block-embed is-type-rich is-provider-twitter wp-block-embed-twitter\"><div class=\"wp-block-embed__wrapper\">\n<div class=\"twitter-tweet\"><blockquote class=\"twitter-tweet\" data-lang=\"es\"><p lang=\"es\" dir=\"ltr\"><a href=\"https:\/\/twitter.com\/hashtag\/%C3%9AltimoMinuto?src=hash&amp;ref_src=twsrc%5Etfw\">#\u00daltimoMinuto<\/a> <br>No cesa la violencia en <a href=\"https:\/\/twitter.com\/hashtag\/Oaxaca?src=hash&amp;ref_src=twsrc%5Etfw\">#Oaxaca<\/a>.<br>En la calle Nicol\u00e1s del Puerto de la capital, entre Morelos y Murgu\u00eda, un elemento de la Agencia Estatal de Investigaciones (<a href=\"https:\/\/twitter.com\/AEI_Oaxaca?ref_src=twsrc%5Etfw\">@AEI_Oaxaca<\/a>) fue atacado a balazos, seg\u00fan informaci\u00f3n preliminar. <br>Video: Cortes\u00eda <a href=\"https:\/\/t.co\/2rxf70B8IX\">pic.twitter.com\/2rxf70B8IX<\/a><\/p>&mdash; Zona Roja Oaxaca (@Zona_Roja_Oax) <a href=\"https:\/\/twitter.com\/Zona_Roja_Oax\/status\/1452067035232473096?ref_src=twsrc%5Etfw\">24 de octubre de 2021<\/a><\/blockquote><\/div>\n<\/div><\/figure>\n\n\n\n<p>Mientras que poco despu\u00e9s del mediod\u00eda de este s\u00e1bado, en la carretera federal 190, Oaxaca-Istmo, a la altura del crucero a la poblaci\u00f3n de Santa Cruz G\u00fcendulain, se suscit\u00f3 otro enfrentamiento armado.<\/p>\n\n\n\n<p>Las primeras versiones se\u00f1alan a dos personas lesionadas de bala, una de ellas detenida y otra que logr\u00f3 darse a la fuga; seg\u00fan otros datos preliminares, la refriega fue entre elementos de la Polic\u00eda Estatal y la Agencia Estatal de Investigaciones.<\/p>\n\n\n\n<p>No obstante, ni la Fiscal\u00eda General del Estado ni ninguna otra instituci\u00f3n ha brindado informaci\u00f3n al respecto.<\/p>\n\n\n\n<figure class=\"wp-block-embed is-type-rich is-provider-twitter wp-block-embed-twitter\"><div class=\"wp-block-embed__wrapper\">\n<div class=\"twitter-tweet\"><blockquote class=\"twitter-tweet\" data-lang=\"es\"><p lang=\"es\" dir=\"ltr\"><a href=\"https:\/\/twitter.com\/hashtag\/%C3%9AltimoMinuto?src=hash&amp;ref_src=twsrc%5Etfw\">#\u00daltimoMinuto<\/a> <br>Una persona detenida y otra que se dio a la fuga, ambas lesionadas, es el saldo preliminar de un enfrentamiento a balazos ocurrido este mediod\u00eda en la carretera federal 190, <a href=\"https:\/\/twitter.com\/hashtag\/Oaxaca?src=hash&amp;ref_src=twsrc%5Etfw\">#Oaxaca<\/a>-Istmo, a la altura del crucero de Santa Cruz G\u00fcendulain. <a href=\"https:\/\/t.co\/6rxtAuJjWU\">pic.twitter.com\/6rxtAuJjWU<\/a><\/p>&mdash; Zona Roja Oaxaca (@Zona_Roja_Oax) <a href=\"https:\/\/twitter.com\/Zona_Roja_Oax\/status\/1452005673655545857?ref_src=twsrc%5Etfw\">23 de octubre de 2021<\/a><\/blockquote><\/div>\n<\/div><\/figure>\n","protected":false},"excerpt":{"rendered":"<p>Ismael Garc\u00eda M.\/Zona Roja. Oaxaca de Ju\u00e1rez, Oax., 23 de octubre de 2021.- Al menos&hellip;<\/p>\n","protected":false},"author":2,"featured_media":33497,"comment_status":"closed","ping_status":"open","sticky":false,"template":"","format":"standard","meta":{"_lmt_disableupdate":"","_lmt_disable":"","_jetpack_memberships_contains_paid_content":false,"footnotes":""},"categories":[109,47],"tags":[],"class_list":["post-33496","post","type-post","status-publish","format-standard","has-post-thumbnail","hentry","category-minuto-a-minuto","category-zona-gris"],"jetpack_featured_media_url":"https:\/\/zonaroja.com.mx\/wp-content\/uploads\/2021\/10\/AEI-lesionado-ciudad-de-Oaxaca.jpg","jetpack_sharing_enabled":true,"_links":{"self":[{"href":"https:\/\/zonaroja.com.mx\/index.php?rest_route=\/wp\/v2\/posts\/33496","targetHints":{"allow":["GET"]}}],"collection":[{"href":"https:\/\/zonaroja.com.mx\/index.php?rest_route=\/wp\/v2\/posts"}],"about":[{"href":"https:\/\/zonaroja.com.mx\/index.php?rest_route=\/wp\/v2\/types\/post"}],"author":[{"embeddable":true,"href":"https:\/\/zonaroja.com.mx\/index.php?rest_route=\/wp\/v2\/users\/2"}],"replies":[{"embeddable":true,"href":"https:\/\/zonaroja.com.mx\/index.php?rest_route=%2Fwp%2Fv2%2Fcomments&post=33496"}],"version-history":[{"count":2,"href":"https:\/\/zonaroja.com.mx\/index.php?rest_route=\/wp\/v2\/posts\/33496\/revisions"}],"predecessor-version":[{"id":33499,"href":"https:\/\/zonaroja.com.mx\/index.php?rest_route=\/wp\/v2\/posts\/33496\/revisions\/33499"}],"wp:featuredmedia":[{"embeddable":true,"href":"https:\/\/zonaroja.com.mx\/index.php?rest_route=\/wp\/v2\/media\/33497"}],"wp:attachment":[{"href":"https:\/\/zonaroja.com.mx\/index.php?rest_route=%2Fwp%2Fv2%2Fmedia&parent=33496"}],"wp:term":[{"taxonomy":"category","embeddable":true,"href":"https:\/\/zonaroja.com.mx\/index.php?rest_route=%2Fwp%2Fv2%2Fcategories&post=33496"},{"taxonomy":"post_tag","embeddable":true,"href":"https:\/\/zonaroja.com.mx\/index.php?rest_route=%2Fwp%2Fv2%2Ftags&post=33496"}],"curies":[{"name":"wp","href":"https:\/\/api.w.org\/{rel}","templated":true}]}}