{"id":33500,"date":"2021-10-24T09:26:00","date_gmt":"2021-10-24T14:26:00","guid":{"rendered":"http:\/\/www.zonaroja.com.mx\/?p=33500"},"modified":"2021-10-23T21:27:54","modified_gmt":"2021-10-24T02:27:54","slug":"oaxaca-en-sexto-lugar-en-mortandad-de-ninas-y-ninos-por-covid-19","status":"publish","type":"post","link":"https:\/\/zonaroja.com.mx\/?p=33500","title":{"rendered":"Oaxaca, en sexto lugar en mortandad de ni\u00f1as y ni\u00f1os por Covid-19"},"content":{"rendered":"\n<p>Evlin Arag\u00f3n\/Zona Roja.<\/p>\n\n\n\n<p>Oaxaca de Ju\u00e1rez, Oax., 24 de octubre de 2021.- El Sistema de Protecci\u00f3n Integral de los Derechos de las Ni\u00f1as, Ni\u00f1os y Adolescentes (SIPINNA) report\u00f3 un total de 42 menores de edad fallecidos por Covid-19 en el estado de Oaxaca, cinco m\u00e1s que en el mes de agosto pasado.<\/p>\n\n\n\n<p>De acuerdo con los datos proporcionados por las autoridades federales, la entidad retom\u00f3 el sexto lugar en mortandad infantil en la \u00faltima semana luego del aumento de casos en Veracruz que registra 43; Ciudad de M\u00e9xico, 46; Baja California, 57; Puebla y Nuevo Le\u00f3n con 57, cada una; y el Estado de M\u00e9xico, con 102.&nbsp;&nbsp;<\/p>\n\n\n\n<p>Las cifras refieren que en la entidad han muerto 30 ni\u00f1as y ni\u00f1os menores de 5 a\u00f1os; cuatro de entre seis y 11 a\u00f1os; y ocho m\u00e1s de 12 a 17 a\u00f1os a consecuencia del coronavirus.&nbsp;&nbsp;<\/p>\n\n\n\n<p>Mientras que, en n\u00fameros de contagio, Oaxaca report\u00f3 un total de mil 963 casos positivos de SARS-CoV-2 en la poblaci\u00f3n infantil, 374 m\u00e1s que los registrados a finales del mes de agosto y en el marco de un regreso a clases de manera semipresencial<\/p>\n\n\n\n<p>Del total de casos, 600 se han registrado en ni\u00f1as y ni\u00f1os de 0 a 5 a\u00f1os; 485 de seis a 11 a\u00f1os; y 878 de 12 a 17 a\u00f1os.<\/p>\n\n\n\n<p>Dentro de los m\u00e1s recientes fallecimientos se encuentra el de una joven originaria de Santiago Tlazoyaltepec quien, a pesar de no presentar ning\u00fan padecimiento previo, vio comprometida su salud al contagiarse de Covid-19, por lo que tuvo que ser atendida en los Servicios de Salud, donde finalmente muri\u00f3.<\/p>\n\n\n\n<p>As\u00ed mismo, un menor de un a\u00f1o, en el municipio de San Juan Bautista Tuxtepec; una adolescente de 13 a\u00f1os, en San Antonio de la Cal; un peque\u00f1o de un a\u00f1o de edad en Huajuapan de Le\u00f3n; y una beb\u00e9 originaria de Asunci\u00f3n Nochixtl\u00e1n.&nbsp;<\/p>\n\n\n\n<p>Los municipios de la entidad donde se han registrado los decesos son: Oaxaca de Ju\u00e1rez, con cinco decesos; San Juan Bautista Tuxtepec, con tres; as\u00ed como San Pedro Pochutla, Santa Ana Zegache, Juchit\u00e1n de Zaragoza, Santa Cruz Xoxocotl\u00e1n y Asunci\u00f3n Nochixtl\u00e1n, con dos cada una.&nbsp;&nbsp;&nbsp;&nbsp;<\/p>\n\n\n\n<p>De igual forma San Pedro Ixtlahuaca, Santa Mar\u00eda Huatulco, Santa Catarina Mechoac\u00e1n, San Felipe Jalapa de D\u00edaz, Abejones, Magdalena Teitipac, Putla Villa de Guerrero, Salina Cruz, Santa Mar\u00eda Lachix\u00edo, Candelaria Loxicha y Santo Domingo Tehuantepec.&nbsp;&nbsp;&nbsp;&nbsp;<\/p>\n\n\n\n<p>Mientras que, dentro de los m\u00e1s recientes se encuentran: Santiago Tlazoyaltepec,&nbsp; San Antonio de la Cal, Huajuapan de Le\u00f3n, San Juan Bautista Atatlahuca, Santos Reyes Nopala, San Andr\u00e9s Solaga, Santa Mar\u00eda Colotepec, Santa Ana, Santa Mar\u00eda Tlahuiltoltepec, Santa Mar\u00eda Tonameca, San Juan Bautista Cuicatl\u00e1n, y Uni\u00f3n Hidalgo.<\/p>\n","protected":false},"excerpt":{"rendered":"<p>Evlin Arag\u00f3n\/Zona Roja. Oaxaca de Ju\u00e1rez, Oax., 24 de octubre de 2021.- El Sistema de&hellip;<\/p>\n","protected":false},"author":2,"featured_media":11941,"comment_status":"closed","ping_status":"open","sticky":false,"template":"","format":"standard","meta":{"_lmt_disableupdate":"","_lmt_disable":"","_jetpack_memberships_contains_paid_content":false,"footnotes":""},"categories":[109,47],"tags":[1512],"class_list":["post-33500","post","type-post","status-publish","format-standard","has-post-thumbnail","hentry","category-minuto-a-minuto","category-zona-gris","tag-coronavirus-oaxaca"],"jetpack_featured_media_url":"https:\/\/zonaroja.com.mx\/wp-content\/uploads\/2020\/05\/Muerto-covid.jpg","jetpack_sharing_enabled":true,"_links":{"self":[{"href":"https:\/\/zonaroja.com.mx\/index.php?rest_route=\/wp\/v2\/posts\/33500","targetHints":{"allow":["GET"]}}],"collection":[{"href":"https:\/\/zonaroja.com.mx\/index.php?rest_route=\/wp\/v2\/posts"}],"about":[{"href":"https:\/\/zonaroja.com.mx\/index.php?rest_route=\/wp\/v2\/types\/post"}],"author":[{"embeddable":true,"href":"https:\/\/zonaroja.com.mx\/index.php?rest_route=\/wp\/v2\/users\/2"}],"replies":[{"embeddable":true,"href":"https:\/\/zonaroja.com.mx\/index.php?rest_route=%2Fwp%2Fv2%2Fcomments&post=33500"}],"version-history":[{"count":1,"href":"https:\/\/zonaroja.com.mx\/index.php?rest_route=\/wp\/v2\/posts\/33500\/revisions"}],"predecessor-version":[{"id":33501,"href":"https:\/\/zonaroja.com.mx\/index.php?rest_route=\/wp\/v2\/posts\/33500\/revisions\/33501"}],"wp:featuredmedia":[{"embeddable":true,"href":"https:\/\/zonaroja.com.mx\/index.php?rest_route=\/wp\/v2\/media\/11941"}],"wp:attachment":[{"href":"https:\/\/zonaroja.com.mx\/index.php?rest_route=%2Fwp%2Fv2%2Fmedia&parent=33500"}],"wp:term":[{"taxonomy":"category","embeddable":true,"href":"https:\/\/zonaroja.com.mx\/index.php?rest_route=%2Fwp%2Fv2%2Fcategories&post=33500"},{"taxonomy":"post_tag","embeddable":true,"href":"https:\/\/zonaroja.com.mx\/index.php?rest_route=%2Fwp%2Fv2%2Ftags&post=33500"}],"curies":[{"name":"wp","href":"https:\/\/api.w.org\/{rel}","templated":true}]}}