{"id":33502,"date":"2021-10-24T10:28:06","date_gmt":"2021-10-24T15:28:06","guid":{"rendered":"http:\/\/www.zonaroja.com.mx\/?p=33502"},"modified":"2021-10-23T21:41:23","modified_gmt":"2021-10-24T02:41:23","slug":"menores-con-cancer-aun-en-penurias-acusan-falta-de-atencion-y-medicamentos","status":"publish","type":"post","link":"https:\/\/zonaroja.com.mx\/?p=33502","title":{"rendered":"Menores con c\u00e1ncer a\u00fan en penurias, acusan falta de atenci\u00f3n y medicamentos"},"content":{"rendered":"\n<p>Evlin Arag\u00f3n\/Zona Roja.<\/p>\n\n\n\n<p>Oaxaca de Ju\u00e1rez, Oax., 24 de octubre de 2021.- La crisis al interior del Hospital de la Ni\u00f1ez Oaxaque\u00f1a no ha terminado y por el contrario continua la falta de medicamentos y la escasez de personal para atender a pacientes con c\u00e1ncer, ello tras el despido masivo que realizaron los Servicios de Salud, el pasado 15 de septiembre.&nbsp;<\/p>\n\n\n\n<p>As\u00ed dan cuenta algunos testimonios de pacientes y familiares que se enfrentan a\u00fan a la falta de sensibilidad por parte de las autoridades estatales y federales, que no terminan de ponerse de acuerdo para solucionar el problema que existe en el rubro de salud en la entidad.&nbsp;<\/p>\n\n\n\n<p>\u201cHola me llamo Demetrio, estoy en tratamiento contra la leucemia y en estos momentos el hospital est\u00e1 pasando por una crisis de medicamentos y despidos de las enfermeras. Ahorita mi doctora que me atend\u00eda fue despedida y estoy requiriendo de su apoyo para que la vuelvan a recontratar y manden los medicamentos que necesito\u201d.&nbsp;<\/p>\n\n\n\n<p>Demetrio es de escasos recursos como la mayor\u00eda de pacientes al interior del Hospital de la Ni\u00f1ez Oaxaque\u00f1a cuyo personal ha denunciado en varias ocasiones las complicaciones que sufren para dar atenci\u00f3n a las y los usuarios debido a la falta de presupuesto, materiales, insumos y medicamentos.&nbsp;&nbsp;<\/p>\n\n\n\n<p>El padre de la peque\u00f1a Mar\u00eda Jos\u00e9, paciente oncol\u00f3gica, tambi\u00e9n pidi\u00f3 apoyo del Presidente de la Rep\u00fablica, Andr\u00e9s Manuel L\u00f3pez Obrador, para la adquisici\u00f3n de medicamentos y la recontrataci\u00f3n inmediata del personal m\u00e9dico y de enfermer\u00eda, de manera particular de la doctora Mar\u00eda Ang\u00e9lica Mart\u00ednez Martell quien atend\u00eda directamente a ni\u00f1as y ni\u00f1os con c\u00e1ncer.&nbsp;<\/p>\n\n\n\n<p>A ellos se suma \u00c1ngela Bel\u00e9n, quien comparte su testimonio en las redes sociales de Con Causa, organizaci\u00f3n donde se dan a la tarea de publicar cualquier tipo de acci\u00f3n a favor de ni\u00f1as y ni\u00f1os con c\u00e1ncer.&nbsp;<\/p>\n\n\n\n<p>Originaria de Valle Nacional, a sus 14 a\u00f1os \u00c1ngela deber\u00eda estar disfrutando de su edad en la escuela, sin embargo, se mud\u00f3 cerca del hospital ya que son muchas horas de trayecto y se rompe en llanto al solicitar apoyo para la adquisici\u00f3n de su medicamento.&nbsp;<\/p>\n\n\n\n<p>\u201cMe llamo \u00c1ngela Bel\u00e9n, soy de Arroyo Seco, Valle Nacional. Me hace falta vincristina y citarabina. Necesito seguir con mi tratamiento en el Hospital de la Ni\u00f1ez. Pido al gobierno que nos ayude\u201d, refiri\u00f3 entre l\u00e1grimas.&nbsp;&nbsp;<\/p>\n\n\n\n<p>As\u00ed mismo Alexandra Vianey, originaria del Istmo de Tehuantepec quien a sus escasos ocho a\u00f1os sabe lo que es padecer de medicamentos y personal m\u00e9dico que la atienda al interior del Hospital de la Ni\u00f1ez Oaxaque\u00f1a.&nbsp;<\/p>\n\n\n\n<p>\u201cYo tengo osteosarcoma y necesito recibir mi quimio. Por favor ay\u00fadenos. No se queden con el dinero que puede ocuparse para el medicamento para muchos ni\u00f1os pueden ocupar para recibir sus tratamientos\u201d, mencion\u00f3 en un video que public\u00f3 en la plataforma de TikTok.&nbsp;<\/p>\n\n\n\n<p>Apenas la semana pasada resurgi\u00f3 el debate en torno a la escasez de medicamentos para pacientes con c\u00e1ncer, luego de que la diputada federal, Patricia Armend\u00e1riz, asegurar\u00e1 que no hab\u00eda evidencias de tal cosa, lo que desat\u00f3 la inconformidad de organizaciones que hacen de todo para conseguir los fondos suficientes para adquirir por fuera los f\u00e1rmacos necesarios para los tratamientos.&nbsp;<\/p>\n","protected":false},"excerpt":{"rendered":"<p>Evlin Arag\u00f3n\/Zona Roja. Oaxaca de Ju\u00e1rez, Oax., 24 de octubre de 2021.- La crisis al&hellip;<\/p>\n","protected":false},"author":2,"featured_media":30119,"comment_status":"closed","ping_status":"open","sticky":false,"template":"","format":"standard","meta":{"_lmt_disableupdate":"","_lmt_disable":"","_jetpack_memberships_contains_paid_content":false,"footnotes":""},"categories":[109,47],"tags":[318],"class_list":["post-33502","post","type-post","status-publish","format-standard","has-post-thumbnail","hentry","category-minuto-a-minuto","category-zona-gris","tag-hospital-de-la-ninez-oaxaquena"],"jetpack_featured_media_url":"https:\/\/zonaroja.com.mx\/wp-content\/uploads\/2021\/07\/Marcha-medicinas-cancer.jpeg","jetpack_sharing_enabled":true,"_links":{"self":[{"href":"https:\/\/zonaroja.com.mx\/index.php?rest_route=\/wp\/v2\/posts\/33502","targetHints":{"allow":["GET"]}}],"collection":[{"href":"https:\/\/zonaroja.com.mx\/index.php?rest_route=\/wp\/v2\/posts"}],"about":[{"href":"https:\/\/zonaroja.com.mx\/index.php?rest_route=\/wp\/v2\/types\/post"}],"author":[{"embeddable":true,"href":"https:\/\/zonaroja.com.mx\/index.php?rest_route=\/wp\/v2\/users\/2"}],"replies":[{"embeddable":true,"href":"https:\/\/zonaroja.com.mx\/index.php?rest_route=%2Fwp%2Fv2%2Fcomments&post=33502"}],"version-history":[{"count":1,"href":"https:\/\/zonaroja.com.mx\/index.php?rest_route=\/wp\/v2\/posts\/33502\/revisions"}],"predecessor-version":[{"id":33503,"href":"https:\/\/zonaroja.com.mx\/index.php?rest_route=\/wp\/v2\/posts\/33502\/revisions\/33503"}],"wp:featuredmedia":[{"embeddable":true,"href":"https:\/\/zonaroja.com.mx\/index.php?rest_route=\/wp\/v2\/media\/30119"}],"wp:attachment":[{"href":"https:\/\/zonaroja.com.mx\/index.php?rest_route=%2Fwp%2Fv2%2Fmedia&parent=33502"}],"wp:term":[{"taxonomy":"category","embeddable":true,"href":"https:\/\/zonaroja.com.mx\/index.php?rest_route=%2Fwp%2Fv2%2Fcategories&post=33502"},{"taxonomy":"post_tag","embeddable":true,"href":"https:\/\/zonaroja.com.mx\/index.php?rest_route=%2Fwp%2Fv2%2Ftags&post=33502"}],"curies":[{"name":"wp","href":"https:\/\/api.w.org\/{rel}","templated":true}]}}