{"id":33504,"date":"2021-10-24T07:38:20","date_gmt":"2021-10-24T12:38:20","guid":{"rendered":"http:\/\/www.zonaroja.com.mx\/?p=33504"},"modified":"2021-10-24T07:38:23","modified_gmt":"2021-10-24T12:38:23","slug":"asesinan-a-otras-cinco-personas-en-atatlahuca-dos-de-ellas-murieron-calcinadas","status":"publish","type":"post","link":"https:\/\/zonaroja.com.mx\/?p=33504","title":{"rendered":"Asesinan a otras cinco personas en Atatlahuca; dos de ellas murieron calcinadas"},"content":{"rendered":"\n<p>Ismael Garc\u00eda M.\/Zona Roja.<\/p>\n\n\n\n<p>Oaxaca de Ju\u00e1rez, Oax., 24 de octubre de 2021.- Otras cinco personas fueron asesinadas ayer en San Esteban Atatlauca, a 48 horas del crimen de una pareja. En ambos casos, suman dos mujeres ultimadas, una de ellas calcinada en su vivienda.<\/p>\n\n\n\n<p>La asociaci\u00f3n civil Centro de Derechos Humanos y Asesor\u00eda a Pueblos Ind\u00edgenas emiti\u00f3 cerca de la media noche de ayer un comunicado para exigir al Estado mexicano una actuaci\u00f3n urgente, \u201cante el estado de sitio que mantiene un grupo armado a los habitantes de las comunidades Ndoyonoyuji, Guerrero Grande, Mier y Ter\u00e1n\u201d perteneciente al municipio de San Esteban Atatlahuca, Tlaxiaco.<\/p>\n\n\n\n<p>Inform\u00f3 que en el transcurso de ayer 23 de octubre, un grupo armado aproximadamente de 70 personas armadas con armas de alto calibre, atac\u00f3 Guerreo Grande y Mier y Ter\u00e1n.<\/p>\n\n\n\n<p>Por estos hechos violentos fallecieron Marcos Barrio Avenda\u00f1o, de 80 a\u00f1os de edad; Marcos Quiroz Rea\u00f1o, de 65 a\u00f1os, y Tomas Garc\u00eda Barrios, de 41 a\u00f1os, los tres de la comunidad de Guerrero Grande.<\/p>\n\n\n\n<p>Adem\u00e1s, la se\u00f1ora Paulina Sandoval Bautista, de 95 a\u00f1os, y Teodoro Velasco Sandoval, de 95 a\u00f1os, estas dos \u00faltimas personas\u00a0 perdieron la vida\u00a0 al encontrarse dentro de su vivienda y que fue quemada por el grupo armado.<\/p>\n\n\n\n<figure class=\"wp-block-embed-twitter wp-block-embed is-type-rich is-provider-twitter\"><div class=\"wp-block-embed__wrapper\">\n<div class=\"twitter-tweet\"><blockquote class=\"twitter-tweet\" data-lang=\"es\"><p lang=\"es\" dir=\"ltr\"><a href=\"https:\/\/twitter.com\/hashtag\/%C3%9AltimoMinuto?src=hash&amp;ref_src=twsrc%5Etfw\">#\u00daltimoMinuto<\/a> <br>Al menos cinco personas,entre ellas una mujer calcinada,fueron asesinadas en el transcurso de ayer s\u00e1bado en San Esteban Atatlahuca, <a href=\"https:\/\/twitter.com\/hashtag\/Oaxaca?src=hash&amp;ref_src=twsrc%5Etfw\">#Oaxaca<\/a>.<br>Adem\u00e1s,fueron incendiadas m\u00e1s viviendas y hay desaparecidos.<br>El pasado jueves asesinaron a balazos a un hombre y una mujer. <a href=\"https:\/\/t.co\/DFYSRymRXX\">pic.twitter.com\/DFYSRymRXX<\/a><\/p>&mdash; Zona Roja Oaxaca (@Zona_Roja_Oax) <a href=\"https:\/\/twitter.com\/Zona_Roja_Oax\/status\/1452252422315945996?ref_src=twsrc%5Etfw\">24 de octubre de 2021<\/a><\/blockquote><\/div>\n<\/div><\/figure>\n\n\n\n<p>El Cedhapi, junto con Sebastiana Paz Bautista, representante del grupo de personas desplazadas, expusieron que las agresiones iniciaron el 21 de octubre del 2021 cuando fueron quemadas 25 casas en la comunidad de Ndoyonuyuji, por lo cual diversas&nbsp; familias se encuentran en la situaci\u00f3n de&nbsp; desplazamiento forzado&nbsp; interno.<\/p>\n\n\n\n<p>Adem\u00e1s, en esa fecha fueron asesinadas dos personas adultas mayores, una de ellas mujer.<\/p>\n\n\n\n<p>\u201cSe tiene conocimiento que aproximadamente 30 personas, entre ellas mujeres y ni\u00f1os, se encuentran refugiados en la iglesia de la comunidad de Mier y Ter\u00e1n estando en riesgo su vida ya que contin\u00faan los disparos de arma de fuego y se puede efectuar una masacre\u201d, advirtieron.<\/p>\n\n\n\n<p>Por lo que solicitaron la intervenci\u00f3n inmediata de las fuerzas de seguridad p\u00fablica para rescatar a estas personas, \u201cteniendo conocimiento que en la tarde noche de d\u00eda de hoy (s\u00e1bado), dos camionetas con personas armadas se dirigen a la comunidad de Mier y Ter\u00e1n\u201d.<\/p>\n\n\n\n<p>Demandaron que la Fiscal\u00eda General del Estado efect\u00fae las investigaciones inmediatas de los hechos que se denuncian. Que el Estado mexicano, a trav\u00e9s del gobierno estatal y federal, garantice la vida y la integridad f\u00edsica de las personas que son agredidas por el grupo de personas armadas. Que garantice el derecho de las personas desplazadas internamente en el marco del derecho internacional humanitario.<\/p>\n","protected":false},"excerpt":{"rendered":"<p>Ismael Garc\u00eda M.\/Zona Roja. Oaxaca de Ju\u00e1rez, Oax., 24 de octubre de 2021.- Otras cinco&hellip;<\/p>\n","protected":false},"author":2,"featured_media":33505,"comment_status":"closed","ping_status":"open","sticky":false,"template":"","format":"standard","meta":{"_lmt_disableupdate":"","_lmt_disable":"","_jetpack_memberships_contains_paid_content":false,"footnotes":""},"categories":[109,47],"tags":[1025],"class_list":["post-33504","post","type-post","status-publish","format-standard","has-post-thumbnail","hentry","category-minuto-a-minuto","category-zona-gris","tag-san-esteban-atatlahuca"],"jetpack_featured_media_url":"https:\/\/zonaroja.com.mx\/wp-content\/uploads\/2021\/10\/IMG-20211023-WA0015-1.jpg","jetpack_sharing_enabled":true,"_links":{"self":[{"href":"https:\/\/zonaroja.com.mx\/index.php?rest_route=\/wp\/v2\/posts\/33504","targetHints":{"allow":["GET"]}}],"collection":[{"href":"https:\/\/zonaroja.com.mx\/index.php?rest_route=\/wp\/v2\/posts"}],"about":[{"href":"https:\/\/zonaroja.com.mx\/index.php?rest_route=\/wp\/v2\/types\/post"}],"author":[{"embeddable":true,"href":"https:\/\/zonaroja.com.mx\/index.php?rest_route=\/wp\/v2\/users\/2"}],"replies":[{"embeddable":true,"href":"https:\/\/zonaroja.com.mx\/index.php?rest_route=%2Fwp%2Fv2%2Fcomments&post=33504"}],"version-history":[{"count":1,"href":"https:\/\/zonaroja.com.mx\/index.php?rest_route=\/wp\/v2\/posts\/33504\/revisions"}],"predecessor-version":[{"id":33506,"href":"https:\/\/zonaroja.com.mx\/index.php?rest_route=\/wp\/v2\/posts\/33504\/revisions\/33506"}],"wp:featuredmedia":[{"embeddable":true,"href":"https:\/\/zonaroja.com.mx\/index.php?rest_route=\/wp\/v2\/media\/33505"}],"wp:attachment":[{"href":"https:\/\/zonaroja.com.mx\/index.php?rest_route=%2Fwp%2Fv2%2Fmedia&parent=33504"}],"wp:term":[{"taxonomy":"category","embeddable":true,"href":"https:\/\/zonaroja.com.mx\/index.php?rest_route=%2Fwp%2Fv2%2Fcategories&post=33504"},{"taxonomy":"post_tag","embeddable":true,"href":"https:\/\/zonaroja.com.mx\/index.php?rest_route=%2Fwp%2Fv2%2Ftags&post=33504"}],"curies":[{"name":"wp","href":"https:\/\/api.w.org\/{rel}","templated":true}]}}