{"id":33512,"date":"2021-10-24T11:01:41","date_gmt":"2021-10-24T16:01:41","guid":{"rendered":"https:\/\/www.zonaroja.com.mx\/?p=33512"},"modified":"2021-10-24T11:43:45","modified_gmt":"2021-10-24T16:43:45","slug":"ocho-muertos-saldo-de-tres-accidentes-carreteros-en-oaxaca-este-sabado","status":"publish","type":"post","link":"https:\/\/zonaroja.com.mx\/?p=33512","title":{"rendered":"Ocho muertos, saldo de tres accidentes carreteros en Oaxaca, este s\u00e1bado"},"content":{"rendered":"\n<p> Redacci\u00f3n\/Zona Roja. <\/p>\n\n\n\n<p>Oaxaca de Ju\u00e1rez, Oax., 24 de octubre de 2021.- Adem\u00e1s de la menor de siete a\u00f1os de edad y su madre, que murieron ayer Valles Centrales, otras seis personas perdieron la vida este s\u00e1bado, en dos accidentes carreteros en la regi\u00f3n Mixteca. <\/p>\n\n\n\n<p>En la supercarretera Oaxaca-Cuacnopalan, en jurisdicci\u00f3n de Tepelmeme, San Juan Bautista Coixtlahuaca, la madrugada de ayer, ocurri\u00f3 un choque de una camioneta contra un cami\u00f3n de caja seca y que dej\u00f3 el saldo de dos personas muertas y una lesionada.<\/p>\n\n\n\n<p>Fue una unidad de motor marca Ford tipo Silverado, con placas de Puebla, que se impact\u00f3 con un cami\u00f3n de caja seca que era conducido a baja velocidad en el kil\u00f3metro 124 de dicha v\u00eda.<\/p>\n\n\n\n<p>En el lugar muri\u00f3 Mar\u00eda C. M., de 43 a\u00f1os de edad, mientras que Fidel, de 35 a\u00f1os de edad y conductor de la camioneta, falleci\u00f3 en un hospital de Puebla; otro individuo result\u00f3 lesionado. Eran comerciantes de San Sebasti\u00e1n Zinacatepec, Puebla.<\/p>\n\n\n\n<p>Por otra parte, otro tr\u00e1gico accidente ocurri\u00f3 ayer por la tarde en San Antonio Yodonduza Monteverde, Teposcolula, al volcar la camioneta que conduc\u00eda el s\u00edndico municipal y quien perdi\u00f3 la vida junto con su esposa, hija y una sobrina, al rodar la unidad de motor en un barranco de unos 100 metros.<\/p>\n\n\n\n<p>El s\u00edndico Gregorio P. C., acompa\u00f1ado de su esposa, su hija y una sobrina retornaban a su domicilio de la poblaci\u00f3n de San Antonio Yodonduza, cuando volcaron, presuntamente por exceso de velocidad.<\/p>\n\n\n\n<p>Cabe recordar que ayer el mediod\u00eda, un coche tipo Golf, marca Volkswagen, se sali\u00f3 de la cinta asf\u00e1ltica y se estrell\u00f3 contra un poste, en la carretera federal Oaxaca-M\u00e9xico. <\/p>\n\n\n\n<p>En el lugar perdi\u00f3 la vida una menor de siete a\u00f1os de edad mientras que la madre muri\u00f3 posteriormente en el hospital; el presunto autor del percance en estado de ebriedad, padre de familia, huy\u00f3 de la zona dejando a sus seres queridos. <\/p>\n","protected":false},"excerpt":{"rendered":"<p>Redacci\u00f3n\/Zona Roja. Oaxaca de Ju\u00e1rez, Oax., 24 de octubre de 2021.- Adem\u00e1s de la menor&hellip;<\/p>\n","protected":false},"author":2,"featured_media":33511,"comment_status":"closed","ping_status":"open","sticky":false,"template":"","format":"standard","meta":{"_lmt_disableupdate":"","_lmt_disable":"","_jetpack_memberships_contains_paid_content":false,"footnotes":""},"categories":[109,51],"tags":[],"class_list":["post-33512","post","type-post","status-publish","format-standard","has-post-thumbnail","hentry","category-minuto-a-minuto","category-zona-roja"],"jetpack_featured_media_url":"https:\/\/zonaroja.com.mx\/wp-content\/uploads\/2021\/10\/ba49ef65-cd82-42e9-9b79-4ef129371706.jpg","jetpack_sharing_enabled":true,"_links":{"self":[{"href":"https:\/\/zonaroja.com.mx\/index.php?rest_route=\/wp\/v2\/posts\/33512","targetHints":{"allow":["GET"]}}],"collection":[{"href":"https:\/\/zonaroja.com.mx\/index.php?rest_route=\/wp\/v2\/posts"}],"about":[{"href":"https:\/\/zonaroja.com.mx\/index.php?rest_route=\/wp\/v2\/types\/post"}],"author":[{"embeddable":true,"href":"https:\/\/zonaroja.com.mx\/index.php?rest_route=\/wp\/v2\/users\/2"}],"replies":[{"embeddable":true,"href":"https:\/\/zonaroja.com.mx\/index.php?rest_route=%2Fwp%2Fv2%2Fcomments&post=33512"}],"version-history":[{"count":3,"href":"https:\/\/zonaroja.com.mx\/index.php?rest_route=\/wp\/v2\/posts\/33512\/revisions"}],"predecessor-version":[{"id":33515,"href":"https:\/\/zonaroja.com.mx\/index.php?rest_route=\/wp\/v2\/posts\/33512\/revisions\/33515"}],"wp:featuredmedia":[{"embeddable":true,"href":"https:\/\/zonaroja.com.mx\/index.php?rest_route=\/wp\/v2\/media\/33511"}],"wp:attachment":[{"href":"https:\/\/zonaroja.com.mx\/index.php?rest_route=%2Fwp%2Fv2%2Fmedia&parent=33512"}],"wp:term":[{"taxonomy":"category","embeddable":true,"href":"https:\/\/zonaroja.com.mx\/index.php?rest_route=%2Fwp%2Fv2%2Fcategories&post=33512"},{"taxonomy":"post_tag","embeddable":true,"href":"https:\/\/zonaroja.com.mx\/index.php?rest_route=%2Fwp%2Fv2%2Ftags&post=33512"}],"curies":[{"name":"wp","href":"https:\/\/api.w.org\/{rel}","templated":true}]}}