{"id":33519,"date":"2021-10-24T12:14:09","date_gmt":"2021-10-24T17:14:09","guid":{"rendered":"http:\/\/www.zonaroja.com.mx\/?p=33519"},"modified":"2021-10-24T14:56:45","modified_gmt":"2021-10-24T19:56:45","slug":"rina-por-una-mujer-agresion-armada-entre-elementos-de-la-aei-en-oaxaca","status":"publish","type":"post","link":"https:\/\/zonaroja.com.mx\/?p=33519","title":{"rendered":"Ri\u00f1a por una mujer, agresi\u00f3n armada entre elementos de la Fiscal\u00eda en Oaxaca"},"content":{"rendered":"\n<p>Redacci\u00f3n\/Zona Roja.<\/p>\n\n\n\n<p>Oaxaca de Ju\u00e1rez, Oax., 24 de octubre de 2021.- Fuentes de la Fiscal\u00eda General del Estado de Oaxaca confirm\u00f3 que la agresi\u00f3n armada ocurrida ayer por la tarde-noche en la ciudad de Oaxaca, fue derivada de ri\u00f1a por una mujer, entre elementos de la Agencia Estatal de Investigaciones (AEI), adscritos a la FERI.<\/p>\n\n\n\n<p>Los hechos sucedieron cerca de las 19:00 horas en la calle Nicol\u00e1s del Puerto, entre la avenida Morelos y Murgu\u00eda, a un costado del mercado de \u201cLa Merced\u201d del centro de la capital.<\/p>\n\n\n\n<p>Seg\u00fan los primeros datos, Jos\u00e9 M. C., alias \u201cEl Chepe\u201d, integrante de la unidad Fuerza Especial de Alto Rendimiento (FERI), se hallaba en un restaurante con una femenina, cuando arrib\u00f3 Joel C. L., de la misma corporaci\u00f3n, que le reclam\u00f3 por salir con su esposa de un restaurante de la zona.<\/p>\n\n\n\n<p>Ante ello, \u201cEl Chepe\u201d tom\u00f3 su arma de cargo y dispar\u00f3 en m\u00e1s de tres ocasiones en contra de quien le reclamaba. Joel recibi\u00f3 un balazo en la pierna izquierda, mientras que Jos\u00e9, \u201cEl Chepe\u201d, se dio a la fuga a pie con la mujer y abandon\u00f3 su veh\u00edculo en la zona, Chevrolet tipo Chevy con placas de circulaci\u00f3n MTY-6251 del estado.<\/p>\n\n\n\n<p>Elementos policiacos arribaron a la zona y la acordonaron, posteriormente personal de la Fiscal\u00eda General inici\u00f3 las indagatorias correspondientes.<\/p>\n\n\n\n<p>Personal param\u00e9dico de una corporaci\u00f3n de voluntarios arrib\u00f3 al lugar y atendi\u00f3 al lesionado, quien fue trasladado a un hospital, donde qued\u00f3 encamado y recibiendo asistencia m\u00e9dica.<\/p>\n","protected":false},"excerpt":{"rendered":"<p>Redacci\u00f3n\/Zona Roja. Oaxaca de Ju\u00e1rez, Oax., 24 de octubre de 2021.- Fuentes de la Fiscal\u00eda&hellip;<\/p>\n","protected":false},"author":2,"featured_media":33497,"comment_status":"closed","ping_status":"open","sticky":false,"template":"","format":"standard","meta":{"_lmt_disableupdate":"","_lmt_disable":"","_jetpack_memberships_contains_paid_content":false,"footnotes":""},"categories":[109,47],"tags":[494],"class_list":["post-33519","post","type-post","status-publish","format-standard","has-post-thumbnail","hentry","category-minuto-a-minuto","category-zona-gris","tag-fiscalia-general-del-estado-de-oaxaca"],"jetpack_featured_media_url":"https:\/\/zonaroja.com.mx\/wp-content\/uploads\/2021\/10\/AEI-lesionado-ciudad-de-Oaxaca.jpg","jetpack_sharing_enabled":true,"_links":{"self":[{"href":"https:\/\/zonaroja.com.mx\/index.php?rest_route=\/wp\/v2\/posts\/33519","targetHints":{"allow":["GET"]}}],"collection":[{"href":"https:\/\/zonaroja.com.mx\/index.php?rest_route=\/wp\/v2\/posts"}],"about":[{"href":"https:\/\/zonaroja.com.mx\/index.php?rest_route=\/wp\/v2\/types\/post"}],"author":[{"embeddable":true,"href":"https:\/\/zonaroja.com.mx\/index.php?rest_route=\/wp\/v2\/users\/2"}],"replies":[{"embeddable":true,"href":"https:\/\/zonaroja.com.mx\/index.php?rest_route=%2Fwp%2Fv2%2Fcomments&post=33519"}],"version-history":[{"count":2,"href":"https:\/\/zonaroja.com.mx\/index.php?rest_route=\/wp\/v2\/posts\/33519\/revisions"}],"predecessor-version":[{"id":33521,"href":"https:\/\/zonaroja.com.mx\/index.php?rest_route=\/wp\/v2\/posts\/33519\/revisions\/33521"}],"wp:featuredmedia":[{"embeddable":true,"href":"https:\/\/zonaroja.com.mx\/index.php?rest_route=\/wp\/v2\/media\/33497"}],"wp:attachment":[{"href":"https:\/\/zonaroja.com.mx\/index.php?rest_route=%2Fwp%2Fv2%2Fmedia&parent=33519"}],"wp:term":[{"taxonomy":"category","embeddable":true,"href":"https:\/\/zonaroja.com.mx\/index.php?rest_route=%2Fwp%2Fv2%2Fcategories&post=33519"},{"taxonomy":"post_tag","embeddable":true,"href":"https:\/\/zonaroja.com.mx\/index.php?rest_route=%2Fwp%2Fv2%2Ftags&post=33519"}],"curies":[{"name":"wp","href":"https:\/\/api.w.org\/{rel}","templated":true}]}}