{"id":3352,"date":"2019-08-24T13:48:47","date_gmt":"2019-08-24T18:48:47","guid":{"rendered":"http:\/\/www.zonaroja.com.mx\/?p=3352"},"modified":"2019-08-24T13:48:50","modified_gmt":"2019-08-24T18:48:50","slug":"otro-feminicidio-en-oaxaca-matan-a-otra-mujer-ahora-en-tehuantepec","status":"publish","type":"post","link":"https:\/\/zonaroja.com.mx\/?p=3352","title":{"rendered":"\u00a1Otro feminicidio en Oaxaca! Matan a otra mujer, ahora en Tehuantepec"},"content":{"rendered":"\n<p>Redacci\u00f3n\/Zona\nRoja.<\/p>\n\n\n\n<p>Oaxaca de\nJu\u00e1rez, Oax., 24 de agosto de 2019.- Los feminicidios no paran en la entidad\noaxaque\u00f1a. La ma\u00f1ana de este s\u00e1bado, una mujer fue asesinada en el municipio de\nSanto Domingo Tehuantepec, regi\u00f3n del Istmo.<\/p>\n\n\n\n<p>Seg\u00fan\ninformes de corporaciones policiacas, el cuerpo fue localizado en un domicilio\nde la colonia Benito Ju\u00e1rez y hasta el momento no se ha precisado las causas\ndel violento deceso.<\/p>\n\n\n\n<p>La v\u00edctima\nfue identificada de manera preliminar como Ernestina R. T., de 59 a\u00f1os de edad,\ny la Vicefiscal\u00eda Regional del Istmo inici\u00f3 las indagatorias bajo las\nperspectivas de feminicidio.<\/p>\n\n\n\n<p>Seg\u00fa la\norganizaci\u00f3n Consorcio para el Di\u00e1logo Parlamentario Oaxaca, con este crimen\nsumar\u00edan 335 asesinatos de mujeres desde diciembre de 2016 a la fecha, lapso de\ngobierno de Alejandro Murat Hinojosa.<\/p>\n","protected":false},"excerpt":{"rendered":"<p>Redacci\u00f3n\/Zona Roja. Oaxaca de Ju\u00e1rez, Oax., 24 de agosto de 2019.- Los feminicidios no paran&hellip;<\/p>\n","protected":false},"author":2,"featured_media":3353,"comment_status":"closed","ping_status":"open","sticky":false,"template":"","format":"standard","meta":{"_lmt_disableupdate":"","_lmt_disable":"","_jetpack_memberships_contains_paid_content":false,"footnotes":""},"categories":[109,51],"tags":[550],"class_list":["post-3352","post","type-post","status-publish","format-standard","has-post-thumbnail","hentry","category-minuto-a-minuto","category-zona-roja","tag-feminicidio-en-tehuantepec"],"jetpack_featured_media_url":"https:\/\/zonaroja.com.mx\/wp-content\/uploads\/2019\/08\/Femincidio-6.jpg","jetpack_sharing_enabled":true,"_links":{"self":[{"href":"https:\/\/zonaroja.com.mx\/index.php?rest_route=\/wp\/v2\/posts\/3352","targetHints":{"allow":["GET"]}}],"collection":[{"href":"https:\/\/zonaroja.com.mx\/index.php?rest_route=\/wp\/v2\/posts"}],"about":[{"href":"https:\/\/zonaroja.com.mx\/index.php?rest_route=\/wp\/v2\/types\/post"}],"author":[{"embeddable":true,"href":"https:\/\/zonaroja.com.mx\/index.php?rest_route=\/wp\/v2\/users\/2"}],"replies":[{"embeddable":true,"href":"https:\/\/zonaroja.com.mx\/index.php?rest_route=%2Fwp%2Fv2%2Fcomments&post=3352"}],"version-history":[{"count":1,"href":"https:\/\/zonaroja.com.mx\/index.php?rest_route=\/wp\/v2\/posts\/3352\/revisions"}],"predecessor-version":[{"id":3354,"href":"https:\/\/zonaroja.com.mx\/index.php?rest_route=\/wp\/v2\/posts\/3352\/revisions\/3354"}],"wp:featuredmedia":[{"embeddable":true,"href":"https:\/\/zonaroja.com.mx\/index.php?rest_route=\/wp\/v2\/media\/3353"}],"wp:attachment":[{"href":"https:\/\/zonaroja.com.mx\/index.php?rest_route=%2Fwp%2Fv2%2Fmedia&parent=3352"}],"wp:term":[{"taxonomy":"category","embeddable":true,"href":"https:\/\/zonaroja.com.mx\/index.php?rest_route=%2Fwp%2Fv2%2Fcategories&post=3352"},{"taxonomy":"post_tag","embeddable":true,"href":"https:\/\/zonaroja.com.mx\/index.php?rest_route=%2Fwp%2Fv2%2Ftags&post=3352"}],"curies":[{"name":"wp","href":"https:\/\/api.w.org\/{rel}","templated":true}]}}