{"id":33522,"date":"2021-10-24T19:39:28","date_gmt":"2021-10-25T00:39:28","guid":{"rendered":"http:\/\/www.zonaroja.com.mx\/?p=33522"},"modified":"2021-10-24T19:39:32","modified_gmt":"2021-10-25T00:39:32","slug":"dan-90-anos-de-prision-a-individuo-que-asesino-a-tres-personas-en-ataque-armado","status":"publish","type":"post","link":"https:\/\/zonaroja.com.mx\/?p=33522","title":{"rendered":"Dan 90 a\u00f1os de prisi\u00f3n a individuo que asesin\u00f3 a tres personas en ataque armado"},"content":{"rendered":"\n<p>Redacci\u00f3n\/Zona Roja.<\/p>\n\n\n\n<p>Oaxaca de Ju\u00e1rez, Oax., 24 de octubre de 2021.- La Fiscal\u00eda General del Estado de Oaxaca (FGEO) obtuvo, del Tribunal de Enjuiciamiento, sentencia condenatoria de 90 a\u00f1os de prisi\u00f3n contra la persona del sexo masculino identificada como M. R. L. alias \u201cEl Gringo\u201d.<\/p>\n\n\n\n<p>Ello como responsable del delito de homicidio calificado con ventaja en contra de tres hombres que en vida respondieron a los nombres de G. A. D., A. J. H. y G. C. C. H., cometido en agosto de 2019, en jurisdicci\u00f3n de Putla Villa de Guerrero.<\/p>\n\n\n\n<p>De acuerdo con la carpeta de investigaci\u00f3n 26849\/FMIX\/PUTLA\/2019, el 6 de agosto de 2019, aproximadamente a las 19:00 horas, el imputado y otro sujeto arribaron a un bar ubicado sobre la carretera \u201cAdolfo P\u00e9rez Gazga\u201d de Putla, donde agredieron con disparos de arma de fuego a las v\u00edctimas, a quienes privaron de la vida.<\/p>\n\n\n\n<p>Ante este crimen, la Instituci\u00f3n de procuraci\u00f3n de justicia inici\u00f3 las investigaciones correspondientes -a trav\u00e9s de la Vicefiscal\u00eda Regional de la Mixteca-, logrando identificar, aprehender y presentar al imputado ante el Juez de la causa, quien determin\u00f3 vincularlo a proceso.<\/p>\n\n\n\n<p>En audiencia, el Tribunal de Enjuiciamiento dict\u00f3 sentencia condenatoria contra M. R. L. alias \u201cEl Gringo\u201d, imponiendo la pena de 90 a\u00f1os de prisi\u00f3n y orden\u00f3 el pago de un mill\u00f3n 267 mil pesos por concepto de reparaci\u00f3n del da\u00f1o.<\/p>\n","protected":false},"excerpt":{"rendered":"<p>Redacci\u00f3n\/Zona Roja. Oaxaca de Ju\u00e1rez, Oax., 24 de octubre de 2021.- La Fiscal\u00eda General del&hellip;<\/p>\n","protected":false},"author":2,"featured_media":30722,"comment_status":"closed","ping_status":"open","sticky":false,"template":"","format":"standard","meta":{"_lmt_disableupdate":"","_lmt_disable":"","_jetpack_memberships_contains_paid_content":false,"footnotes":""},"categories":[109,47],"tags":[494],"class_list":["post-33522","post","type-post","status-publish","format-standard","has-post-thumbnail","hentry","category-minuto-a-minuto","category-zona-gris","tag-fiscalia-general-del-estado-de-oaxaca"],"jetpack_featured_media_url":"https:\/\/zonaroja.com.mx\/wp-content\/uploads\/2021\/08\/Prision-carcel-2.jpg","jetpack_sharing_enabled":true,"_links":{"self":[{"href":"https:\/\/zonaroja.com.mx\/index.php?rest_route=\/wp\/v2\/posts\/33522","targetHints":{"allow":["GET"]}}],"collection":[{"href":"https:\/\/zonaroja.com.mx\/index.php?rest_route=\/wp\/v2\/posts"}],"about":[{"href":"https:\/\/zonaroja.com.mx\/index.php?rest_route=\/wp\/v2\/types\/post"}],"author":[{"embeddable":true,"href":"https:\/\/zonaroja.com.mx\/index.php?rest_route=\/wp\/v2\/users\/2"}],"replies":[{"embeddable":true,"href":"https:\/\/zonaroja.com.mx\/index.php?rest_route=%2Fwp%2Fv2%2Fcomments&post=33522"}],"version-history":[{"count":1,"href":"https:\/\/zonaroja.com.mx\/index.php?rest_route=\/wp\/v2\/posts\/33522\/revisions"}],"predecessor-version":[{"id":33523,"href":"https:\/\/zonaroja.com.mx\/index.php?rest_route=\/wp\/v2\/posts\/33522\/revisions\/33523"}],"wp:featuredmedia":[{"embeddable":true,"href":"https:\/\/zonaroja.com.mx\/index.php?rest_route=\/wp\/v2\/media\/30722"}],"wp:attachment":[{"href":"https:\/\/zonaroja.com.mx\/index.php?rest_route=%2Fwp%2Fv2%2Fmedia&parent=33522"}],"wp:term":[{"taxonomy":"category","embeddable":true,"href":"https:\/\/zonaroja.com.mx\/index.php?rest_route=%2Fwp%2Fv2%2Fcategories&post=33522"},{"taxonomy":"post_tag","embeddable":true,"href":"https:\/\/zonaroja.com.mx\/index.php?rest_route=%2Fwp%2Fv2%2Ftags&post=33522"}],"curies":[{"name":"wp","href":"https:\/\/api.w.org\/{rel}","templated":true}]}}