{"id":33524,"date":"2021-10-24T21:07:38","date_gmt":"2021-10-25T02:07:38","guid":{"rendered":"http:\/\/www.zonaroja.com.mx\/?p=33524"},"modified":"2021-10-24T21:07:42","modified_gmt":"2021-10-25T02:07:42","slug":"en-la-ultima-semana-oaxaca-registro-un-promedio-diario-de-152-contagios-y","status":"publish","type":"post","link":"https:\/\/zonaroja.com.mx\/?p=33524","title":{"rendered":"En la \u00faltima semana, Oaxaca registr\u00f3 un promedio diario de 152 contagios y"},"content":{"rendered":"\n<p>Redacci\u00f3n\/Zona Roja.<\/p>\n\n\n\n<p>Oaxaca de Ju\u00e1rez, Oax., 24 de octubre de 2021.- Del 17 al 23 de octubre, Oaxaca registr\u00f3 un acumulado de 81 mil 25 casos confirmados de Covid-19, observando un descenso con respecto a la semana anterior, pasando de mil 124 a mil 069 registros en los \u00faltimos siete d\u00edas.<\/p>\n\n\n\n<p>Adem\u00e1s, se notificaron en ese lapso 44 decesos a causa de esta enfermedad respiratoria. Ello representa un promedio diario de 152.7 personas contagiadas, as\u00ed como 6.2 personas fallecidas en los \u00faltimos siete d\u00edas.<\/p>\n\n\n\n<p>La dependencia Servicios de Salud de Oaxaca (SSO dio a conocer las cifras totales en el resumen semanal de la situaci\u00f3n epidemiol\u00f3gica actual de la pandemia por Covid-19 en la entidad.<\/p>\n\n\n\n<p>En un comunicado, precis\u00f3 que el uso del cubrebocas, el lavado de manos frecuente con agua y jab\u00f3n, la sana distancia, evitar acudir a lugares concurridos y espacios cerrados con poca ventilaci\u00f3n, siguen siendo acciones importantes que se deben continuar aplicando para evitar contagios, hospitalizaciones y muertes.<\/p>\n\n\n\n<p>Refiri\u00f3, que el promedio de ocupaci\u00f3n hospitalaria para la atenci\u00f3n a pacientes con complicaciones por este coronavirus fue de 35.8 % y aunque Oaxaca permanecer\u00e1 hasta el 31 de octubre en sem\u00e1foro epid\u00e9mico color verde con base en el \u00abLineamiento para la estimaci\u00f3n de riesgos del sem\u00e1foro por regiones COVID-19\u00bb emitido por el Gobierno Federal, \u201cno significa que debamos relajar las medidas de mitigaci\u00f3n contra la pandemia\u201d.<\/p>\n\n\n\n<figure class=\"wp-block-embed-twitter wp-block-embed is-type-rich is-provider-twitter\"><div class=\"wp-block-embed__wrapper\">\n<div class=\"twitter-tweet\"><blockquote class=\"twitter-tweet\" data-lang=\"es\"><p lang=\"es\" dir=\"ltr\">En Oaxaca, continuaremos en Sem\u00e1foro Verde hasta el 31 de octubre. Conoce la situaci\u00f3n epidemiol\u00f3gica del estado. \u00a1Si te cuidas t\u00fa, nos cuidamos todos! <a href=\"https:\/\/t.co\/ANb5J2TKJx\">pic.twitter.com\/ANb5J2TKJx<\/a><\/p>&mdash; Gobierno de Oaxaca (@GobOax) <a href=\"https:\/\/twitter.com\/GobOax\/status\/1452407411172593665?ref_src=twsrc%5Etfw\">24 de octubre de 2021<\/a><\/blockquote><\/div>\n<\/div><\/figure>\n\n\n\n<p>Asimismo, siguiendo la Estrategia de la Pol\u00edtica Nacional de Vacunaci\u00f3n contra el virus SARS-CoV-2 para la prevenci\u00f3n de la Covid-19 en M\u00e9xico, durante ese mismo lapso de tiempo se aplicaron 46 mil 899 dosis de las farmac\u00e9uticas AstraZeneca, CanSino Biologics, Pfizer-BioNTech y Sinovac, en las regiones de Valles Centrales, Istmo de Tehuantepec y Cuenca del Papaloapan.<\/p>\n\n\n\n<p>De este total, destacan las 306 dosis aplicadas en San Juan Bautista Tuxtepec el pasado 22 de octubre a adolescentes de 12 a 17 a\u00f1os con comorbilidades, atendiendo a los nuevos lineamientos de la Pol\u00edtica Nacional de Vacunaci\u00f3n contra el virus SARS-CoV-2 en M\u00e9xico.<\/p>\n\n\n\n<p>Mencion\u00f3 adem\u00e1s que para poder transitar hacia la nueva normalidad y no retroceder en el sem\u00e1foro de riesgo epidemiol\u00f3gico hay que seguir siendo disciplinados con las medidas sanitarias.<\/p>\n\n\n\n<p>\u201cUn descuido y todo puede cambiar, solo actuando de manera responsable entre sociedad y gobierno podemos transitar de manera gradual hacia la nueva normalidad\u201d, puntualiz\u00f3.<\/p>\n\n\n\n<figure class=\"wp-block-embed-twitter wp-block-embed is-type-rich is-provider-twitter\"><div class=\"wp-block-embed__wrapper\">\n<div class=\"twitter-tweet\"><blockquote class=\"twitter-tweet\" data-lang=\"es\"><p lang=\"es\" dir=\"ltr\"><a href=\"https:\/\/twitter.com\/hashtag\/%C3%9AltimoMinuto?src=hash&amp;ref_src=twsrc%5Etfw\">#\u00daltimoMinuto<\/a><br>\u00bfCovid a la baja? Los Servicios de Salud de <a href=\"https:\/\/twitter.com\/hashtag\/Oaxaca?src=hash&amp;ref_src=twsrc%5Etfw\">#Oaxaca<\/a> reportan este domingo 23 casos positivos y 2 decesos.<br>Los n\u00fameros totales: 81 mil 48 contagiados y 5 mil 419 decesos.<br>Hay 5 nosocomios saturados.<br>34% de ocupaci\u00f3n hospitalaria promedio.<a href=\"https:\/\/twitter.com\/hashtag\/Qu%C3%A9dateEnCasa?src=hash&amp;ref_src=twsrc%5Etfw\">#Qu\u00e9dateEnCasa<\/a> <a href=\"https:\/\/t.co\/2droNXayYS\">pic.twitter.com\/2droNXayYS<\/a><\/p>&mdash; Zona Roja Oaxaca (@Zona_Roja_Oax) <a href=\"https:\/\/twitter.com\/Zona_Roja_Oax\/status\/1452444670987055104?ref_src=twsrc%5Etfw\">25 de octubre de 2021<\/a><\/blockquote><\/div>\n<\/div><\/figure>\n","protected":false},"excerpt":{"rendered":"<p>Redacci\u00f3n\/Zona Roja. Oaxaca de Ju\u00e1rez, Oax., 24 de octubre de 2021.- Del 17 al 23&hellip;<\/p>\n","protected":false},"author":2,"featured_media":33525,"comment_status":"closed","ping_status":"open","sticky":false,"template":"","format":"standard","meta":{"_lmt_disableupdate":"","_lmt_disable":"","_jetpack_memberships_contains_paid_content":false,"footnotes":""},"categories":[109,47],"tags":[1512],"class_list":["post-33524","post","type-post","status-publish","format-standard","has-post-thumbnail","hentry","category-minuto-a-minuto","category-zona-gris","tag-coronavirus-oaxaca"],"jetpack_featured_media_url":"https:\/\/zonaroja.com.mx\/wp-content\/uploads\/2021\/10\/Covid-coronavirus-turistas-ciudad-de-Oaxaca.jpg","jetpack_sharing_enabled":true,"_links":{"self":[{"href":"https:\/\/zonaroja.com.mx\/index.php?rest_route=\/wp\/v2\/posts\/33524","targetHints":{"allow":["GET"]}}],"collection":[{"href":"https:\/\/zonaroja.com.mx\/index.php?rest_route=\/wp\/v2\/posts"}],"about":[{"href":"https:\/\/zonaroja.com.mx\/index.php?rest_route=\/wp\/v2\/types\/post"}],"author":[{"embeddable":true,"href":"https:\/\/zonaroja.com.mx\/index.php?rest_route=\/wp\/v2\/users\/2"}],"replies":[{"embeddable":true,"href":"https:\/\/zonaroja.com.mx\/index.php?rest_route=%2Fwp%2Fv2%2Fcomments&post=33524"}],"version-history":[{"count":1,"href":"https:\/\/zonaroja.com.mx\/index.php?rest_route=\/wp\/v2\/posts\/33524\/revisions"}],"predecessor-version":[{"id":33526,"href":"https:\/\/zonaroja.com.mx\/index.php?rest_route=\/wp\/v2\/posts\/33524\/revisions\/33526"}],"wp:featuredmedia":[{"embeddable":true,"href":"https:\/\/zonaroja.com.mx\/index.php?rest_route=\/wp\/v2\/media\/33525"}],"wp:attachment":[{"href":"https:\/\/zonaroja.com.mx\/index.php?rest_route=%2Fwp%2Fv2%2Fmedia&parent=33524"}],"wp:term":[{"taxonomy":"category","embeddable":true,"href":"https:\/\/zonaroja.com.mx\/index.php?rest_route=%2Fwp%2Fv2%2Fcategories&post=33524"},{"taxonomy":"post_tag","embeddable":true,"href":"https:\/\/zonaroja.com.mx\/index.php?rest_route=%2Fwp%2Fv2%2Ftags&post=33524"}],"curies":[{"name":"wp","href":"https:\/\/api.w.org\/{rel}","templated":true}]}}